{"id":1321,"date":"2015-11-25T21:32:54","date_gmt":"2015-11-25T21:32:54","guid":{"rendered":"https:\/\/hospitalsancamilo.cl\/sitio\/?p=1321"},"modified":"2015-11-25T21:32:54","modified_gmt":"2015-11-25T21:32:54","slug":"asociacion-de-tecnicos-paramedicos-inaugura-nueva-sede-al-interior-del-hospital-san-camilo","status":"publish","type":"post","link":"https:\/\/hospitalsancamilo.cl\/sitioweb\/2015\/11\/25\/asociacion-de-tecnicos-paramedicos-inaugura-nueva-sede-al-interior-del-hospital-san-camilo\/","title":{"rendered":"Asociaci\u00f3n de T\u00e9cnicos Param\u00e9dicos inaugura nueva sede al interior del Hospital San Camilo"},"content":{"rendered":"<p style=\"text-align: center\"><img fetchpriority=\"high\" decoding=\"async\" class=\"aligncenter size-large wp-image-1322\" src=\"https:\/\/hospitalsancamilo.cl\/wp-content\/uploads\/2015\/11\/DSC05368-1024x683.jpg\" alt=\"DSC05368\" width=\"720\" height=\"480\" \/><strong>Gremio logr\u00f3 la construcci\u00f3n gracias a millonario proyecto de la Caja de Compensaci\u00f3n Los Andes<\/strong><\/p>\n<p style=\"text-align: center\">Muy contentas y orgullosas se encuentran las dirigentes de la Asociaci\u00f3n de T\u00e9cnicos Param\u00e9dicos del Hospital San Camilo luego de que este mi\u00e9rcoles 25 de noviembre inauguraran su nueva sede gremial.<\/p>\n<p style=\"text-align: center\">Esta nueva construcci\u00f3n fue posible gracias a un proyecto que presentaron a la Caja de Compensaci\u00f3n Los Andes, por un monto superior a los siete millones de pesos, el cual complementaron con recursos propios que les permiti\u00f3 edificar al costado de la multicancha un espacio mucho m\u00e1s acogedor y amplio para sus socios.<\/p>\n<p style=\"text-align: center\">En efecto, la nueva sede cuenta con oficina, sala de reuniones, ba\u00f1o y cocina, todo edificado en el terreno que la Direcci\u00f3n del Hospital San Camilo les cedi\u00f3 en comodato por 10 a\u00f1os de manera renovable.<br \/>\n\u201cEsta inauguraci\u00f3n es un anhelo largamente esperado por nosotras y nuestros socios y socias, quienes ahora cuentan con un espacio c\u00f3modo y acogedor gracias al proyecto de la Caja y a todos quienes hicieron posible que este sue\u00f1o se transformara en realidad, a quienes agradecemos enormemente\u201d, se\u00f1al\u00f3 Rossana Agurto, Presidente de la ATP.<\/p>\n<p style=\"text-align: center\">Por su parte, en la ceremonia, el Director del establecimiento, felicit\u00f3 a las dirigentes por esta nueva sede, destacando que lo conseguido es fruto de una actitud proactiva orientada a los logros.<\/p>\n<p style=\"text-align: center\">\u201cEllas nos demostraron que con perseverancia y una buena gesti\u00f3n se pueden lograr grandes cosas, por lo que a nombre de todo el establecimiento les damos las gracias y tambi\u00e9n las felicitaciones por haber so\u00f1ado un proyecto y haber hecho todo lo posible por convertirlo en realidad.<\/p>\n<p style=\"text-align: center\">En la ceremonia, tambi\u00e9n quiso estar presente el Servicio de Salud Aconcagua, a trav\u00e9s de la entrega de un regalo de mucha utilidad para la nueva sede, obsequio que fue entregado por Humberto Opazo, subdirector de Recursos F\u00edsicos y Financieros.<a href=\"https:\/\/hospitalsancamilo.cl\/wp-content\/uploads\/2015\/11\/DSC05368.jpg\"><br \/>\n<\/a><\/p>\n<p><a href=\"https:\/\/hospitalsancamilo.cl\/wp-content\/uploads\/2015\/11\/DSC05377.jpg\"><img decoding=\"async\" class=\"aligncenter size-large wp-image-1323\" src=\"https:\/\/hospitalsancamilo.cl\/wp-content\/uploads\/2015\/11\/DSC05377-1024x683.jpg\" alt=\"DSC05377\" width=\"720\" height=\"480\" \/><\/a><\/p>\n","protected":false},"excerpt":{"rendered":"<p>Gremio logr\u00f3 la construcci\u00f3n gracias a millonario proyecto de la Caja de Compensaci\u00f3n Los Andes Muy contentas y orgullosas se encuentran las dirigentes de la Asociaci\u00f3n de T\u00e9cnicos Param\u00e9dicos del Hospital San Camilo luego de que este mi\u00e9rcoles 25 de noviembre inauguraran su nueva sede gremial. Esta nueva construcci\u00f3n fue posible gracias a un proyecto que presentaron a la Caja de Compensaci\u00f3n Los Andes, por un monto superior a los siete millones de pesos, el cual complementaron con recursos propios que les permiti\u00f3 edificar al costado de la multicancha un espacio mucho m\u00e1s acogedor y amplio para sus socios. En efecto, la nueva sede cuenta con oficina, sala de reuniones, ba\u00f1o y cocina, todo edificado en el terreno que la Direcci\u00f3n del Hospital San Camilo les cedi\u00f3 en comodato por 10 a\u00f1os de manera renovable. \u201cEsta inauguraci\u00f3n es un anhelo largamente esperado por nosotras y nuestros socios y socias, quienes ahora cuentan con un espacio c\u00f3modo y acogedor gracias al proyecto de la Caja y a todos quienes hicieron posible que este sue\u00f1o se transformara en realidad, a quienes agradecemos enormemente\u201d, se\u00f1al\u00f3 Rossana Agurto, Presidente de la ATP. Por su parte, en la ceremonia, el Director del establecimiento, felicit\u00f3 a las dirigentes por esta nueva sede, destacando que lo conseguido es fruto de una actitud proactiva orientada a los logros. \u201cEllas nos demostraron que con perseverancia y una buena gesti\u00f3n se pueden lograr grandes cosas, por lo que a nombre de todo el establecimiento les damos las gracias y tambi\u00e9n las felicitaciones por haber so\u00f1ado un proyecto y haber hecho todo lo posible por convertirlo en realidad. En la ceremonia, tambi\u00e9n quiso estar presente el Servicio de Salud Aconcagua, a trav\u00e9s de la entrega de un regalo de mucha utilidad para la nueva sede, obsequio que fue entregado por Humberto Opazo, subdirector de Recursos F\u00edsicos y Financieros.<\/p>\n","protected":false},"author":1,"featured_media":1322,"comment_status":"closed","ping_status":"closed","sticky":false,"template":"","format":"standard","meta":{"_joinchat":[],"footnotes":""},"categories":[9],"tags":[],"class_list":["post-1321","post","type-post","status-publish","format-standard","has-post-thumbnail","hentry","category-noticias"],"acf":[],"_links":{"self":[{"href":"https:\/\/hospitalsancamilo.cl\/sitioweb\/wp-json\/wp\/v2\/posts\/1321","targetHints":{"allow":["GET"]}}],"collection":[{"href":"https:\/\/hospitalsancamilo.cl\/sitioweb\/wp-json\/wp\/v2\/posts"}],"about":[{"href":"https:\/\/hospitalsancamilo.cl\/sitioweb\/wp-json\/wp\/v2\/types\/post"}],"author":[{"embeddable":true,"href":"https:\/\/hospitalsancamilo.cl\/sitioweb\/wp-json\/wp\/v2\/users\/1"}],"replies":[{"embeddable":true,"href":"https:\/\/hospitalsancamilo.cl\/sitioweb\/wp-json\/wp\/v2\/comments?post=1321"}],"version-history":[{"count":0,"href":"https:\/\/hospitalsancamilo.cl\/sitioweb\/wp-json\/wp\/v2\/posts\/1321\/revisions"}],"wp:featuredmedia":[{"embeddable":true,"href":"https:\/\/hospitalsancamilo.cl\/sitioweb\/wp-json\/"}],"wp:attachment":[{"href":"https:\/\/hospitalsancamilo.cl\/sitioweb\/wp-json\/wp\/v2\/media?parent=1321"}],"wp:term":[{"taxonomy":"category","embeddable":true,"href":"https:\/\/hospitalsancamilo.cl\/sitioweb\/wp-json\/wp\/v2\/categories?post=1321"},{"taxonomy":"post_tag","embeddable":true,"href":"https:\/\/hospitalsancamilo.cl\/sitioweb\/wp-json\/wp\/v2\/tags?post=1321"}],"curies":[{"name":"wp","href":"https:\/\/api.w.org\/{rel}","templated":true}]}}