{"id":1329,"date":"2015-12-03T20:03:13","date_gmt":"2015-12-03T20:03:13","guid":{"rendered":"https:\/\/hospitalsancamilo.cl\/sitio\/?p=1329"},"modified":"2015-12-03T20:03:13","modified_gmt":"2015-12-03T20:03:13","slug":"paciente-con-complicado-cancer-es-operado-con-exito-gracias-a-nuevo-equipo-de-otorrinos-del-hospital-san-camilo","status":"publish","type":"post","link":"https:\/\/hospitalsancamilo.cl\/sitioweb\/2015\/12\/03\/paciente-con-complicado-cancer-es-operado-con-exito-gracias-a-nuevo-equipo-de-otorrinos-del-hospital-san-camilo\/","title":{"rendered":"Paciente con complicado tumor es  operado con \u00e9xito gracias a nuevo equipo de otorrinos del Hospital San Camilo"},"content":{"rendered":"<p><a href=\"https:\/\/hospitalsancamilo.cl\/wp-content\/uploads\/2015\/12\/DSC05250.jpg\"><img fetchpriority=\"high\" decoding=\"async\" class=\"aligncenter size-large wp-image-1328\" src=\"https:\/\/hospitalsancamilo.cl\/wp-content\/uploads\/2015\/12\/DSC05250-1024x683.jpg\" alt=\"DSC05250\" width=\"720\" height=\"480\" \/><\/a><\/p>\n<p><strong>Facultativos decidieron operar pese a lo complicado de la intervenci\u00f3n salvando la vida de usuario con complicada enfermedad <\/strong><\/p>\n<p>Muy agradecidos y contentos con el trabajo que realiz\u00f3 el equipo m\u00e9dico y profesional del Servicio de Otorinolaringolog\u00eda del Hospital San Camilo se encuentra Don Alberto Su\u00e1rez y su esposa Ang\u00e9lica Rojas, luego de que tras detectar un severo tumor en el cuerpo de Don Alberto, decidieran intervenirlo para extirpar este mal y as\u00ed poder entregarle una nueva calidad de vida.<\/p>\n<p>Fue tal el \u00e9xito de la operaci\u00f3n y del proceso recuperativo, que el agradecido matrimonio\u00a0 una vez de alta volvi\u00f3 con flores para agradecer a todos los que apoyaron este verdadero milagro, en especial al nuevo equipo de m\u00e9dicos otorrinos que se encuentra trabajando en el Hospital San Camilo.<\/p>\n<p>\u201cPorque trabajan por la paz, hoy escaza en este mundo, queremos felicitar y agradecer a todos los que nos han atendido y sanado en el establecimiento y en especial al equipo de Otorrino que oper\u00f3 la lesi\u00f3n tumoral de mi esposo, ya que gracias a ellos, hoy seguimos disfrutando de la vida\u201d, asegur\u00f3 Ang\u00e9lica Rojas.<\/p>\n<p>Cabe destacar que el Servicio de Otorrinolaringolog\u00eda del recinto local, se vio potenciado este a\u00f1o con la llegada de los dos nuevos facultativos, el Dr. Felipe Ibacache y la Doctora Pamela Mena,\u00a0 quienes se sumaron a la experiencia de los doctores Cristian Morales y Carmen Mel\u00e9ndez y el equipo de t\u00e9cnicos y profesionales que trabajan con ellos, generando y devolviendo a todo el Valle del Aconcagua un servicio potente y comprometido con los usuarios en especial con este tipo de casos que requieren una atenci\u00f3n oportuna y diligente.<\/p>\n","protected":false},"excerpt":{"rendered":"<p>Facultativos decidieron operar pese a lo complicado de la intervenci\u00f3n salvando la vida de usuario con complicada enfermedad Muy agradecidos y contentos con el trabajo que realiz\u00f3 el equipo m\u00e9dico y profesional del Servicio de Otorinolaringolog\u00eda del Hospital San Camilo se encuentra Don Alberto Su\u00e1rez y su esposa Ang\u00e9lica Rojas, luego de que tras detectar un severo tumor en el cuerpo de Don Alberto, decidieran intervenirlo para extirpar este mal y as\u00ed poder entregarle una nueva calidad de vida. Fue tal el \u00e9xito de la operaci\u00f3n y del proceso recuperativo, que el agradecido matrimonio\u00a0 una vez de alta volvi\u00f3 con flores para agradecer a todos los que apoyaron este verdadero milagro, en especial al nuevo equipo de m\u00e9dicos otorrinos que se encuentra trabajando en el Hospital San Camilo. \u201cPorque trabajan por la paz, hoy escaza en este mundo, queremos felicitar y agradecer a todos los que nos han atendido y sanado en el establecimiento y en especial al equipo de Otorrino que oper\u00f3 la lesi\u00f3n tumoral de mi esposo, ya que gracias a ellos, hoy seguimos disfrutando de la vida\u201d, asegur\u00f3 Ang\u00e9lica Rojas. Cabe destacar que el Servicio de Otorrinolaringolog\u00eda del recinto local, se vio potenciado este a\u00f1o con la llegada de los dos nuevos facultativos, el Dr. Felipe Ibacache y la Doctora Pamela Mena,\u00a0 quienes se sumaron a la experiencia de los doctores Cristian Morales y Carmen Mel\u00e9ndez y el equipo de t\u00e9cnicos y profesionales que trabajan con ellos, generando y devolviendo a todo el Valle del Aconcagua un servicio potente y comprometido con los usuarios en especial con este tipo de casos que requieren una atenci\u00f3n oportuna y diligente.<\/p>\n","protected":false},"author":1,"featured_media":1328,"comment_status":"closed","ping_status":"closed","sticky":false,"template":"","format":"standard","meta":{"_joinchat":[],"footnotes":""},"categories":[9],"tags":[],"class_list":["post-1329","post","type-post","status-publish","format-standard","has-post-thumbnail","hentry","category-noticias"],"acf":[],"_links":{"self":[{"href":"https:\/\/hospitalsancamilo.cl\/sitioweb\/wp-json\/wp\/v2\/posts\/1329","targetHints":{"allow":["GET"]}}],"collection":[{"href":"https:\/\/hospitalsancamilo.cl\/sitioweb\/wp-json\/wp\/v2\/posts"}],"about":[{"href":"https:\/\/hospitalsancamilo.cl\/sitioweb\/wp-json\/wp\/v2\/types\/post"}],"author":[{"embeddable":true,"href":"https:\/\/hospitalsancamilo.cl\/sitioweb\/wp-json\/wp\/v2\/users\/1"}],"replies":[{"embeddable":true,"href":"https:\/\/hospitalsancamilo.cl\/sitioweb\/wp-json\/wp\/v2\/comments?post=1329"}],"version-history":[{"count":0,"href":"https:\/\/hospitalsancamilo.cl\/sitioweb\/wp-json\/wp\/v2\/posts\/1329\/revisions"}],"wp:featuredmedia":[{"embeddable":true,"href":"https:\/\/hospitalsancamilo.cl\/sitioweb\/wp-json\/"}],"wp:attachment":[{"href":"https:\/\/hospitalsancamilo.cl\/sitioweb\/wp-json\/wp\/v2\/media?parent=1329"}],"wp:term":[{"taxonomy":"category","embeddable":true,"href":"https:\/\/hospitalsancamilo.cl\/sitioweb\/wp-json\/wp\/v2\/categories?post=1329"},{"taxonomy":"post_tag","embeddable":true,"href":"https:\/\/hospitalsancamilo.cl\/sitioweb\/wp-json\/wp\/v2\/tags?post=1329"}],"curies":[{"name":"wp","href":"https:\/\/api.w.org\/{rel}","templated":true}]}}