{"id":13843,"date":"2019-10-02T13:34:59","date_gmt":"2019-10-02T17:34:59","guid":{"rendered":"https:\/\/hospitalsancamilo.cl\/?p=13843"},"modified":"2019-10-02T13:34:59","modified_gmt":"2019-10-02T17:34:59","slug":"hospital-san-camilo-celebra-177-anos-en-medio-de-millonarias-inversiones-y-con-la-entrega-de-terreno-para-el-resonador-nuclear-magnetico","status":"publish","type":"post","link":"https:\/\/hospitalsancamilo.cl\/sitioweb\/2019\/10\/02\/hospital-san-camilo-celebra-177-anos-en-medio-de-millonarias-inversiones-y-con-la-entrega-de-terreno-para-el-resonador-nuclear-magnetico\/","title":{"rendered":"Hospital San Camilo celebra 177 a\u00f1os en medio de millonarias inversiones y con la entrega de terreno para el Resonador Nuclear Magn\u00e9tico"},"content":{"rendered":"<p><strong>Cumplea\u00f1os encuentra al establecimiento en una nueva etapa que comienza con la llegada del director Ricardo Salazar Cabrera<\/strong><\/p>\n<p>177 al servicio de\u00a0la salud de toda la poblaci\u00f3n del Valle del Aconcagua cumple el Hospital San Camilo y lo hace celebrando la concreci\u00f3n de millonarias inversiones que ya est\u00e1n operativas y a disposici\u00f3n de todos los usuarios como los arreglos de los ba\u00f1os de los servicios de hospitalizados, las mejoras en pabell\u00f3n y los m\u00e1s de 5 mil millones de pesos invertidos en equipamiento.<\/p>\n<p>Pero quiz\u00e1 las noticias m\u00e1s importantes de esta celebraci\u00f3n son, por una parte, la concreci\u00f3n de un anhelado sue\u00f1o que esta semana comienza a ser realidad con la entrega de terreno que se realizar\u00e1 a la marca Phillips para la construcci\u00f3n e instalaci\u00f3n del primer Resonador Nuclear Magn\u00e9tico del sistema p\u00fablico del Valle del Aconcagua, hito que se concreta este viernes y a partir del cual comenzar\u00e1 la cuenta regresiva de 220 d\u00edas para su entrega definitiva seg\u00fan el contrato.<\/p>\n<p>Por otra parte, el monitoreo y supervisi\u00f3n de este tremendo avance para la salud p\u00fablica abre una etapa para el establecimiento, ya que concuerda con la llegada de un nuevo director elegido por Alta Direcci\u00f3n P\u00fablica, siendo el ingeniero comercial Ricardo Salazar Cabrera el encargado de liderar este proceso.<\/p>\n<p>\u201cEstamos en medio de importantes cambios que benefician directamente a los usuarios y esperamos que en este nuevo proceso sigan llegando las mejoras que nos acercan a una atenci\u00f3n de excelencia, para lo cual seguiremos trabajando arduamente\u201d, se\u00f1al\u00f3 la Directora subrogante, Dra. Pamela Graham.<\/p>\n<p>Lo anterior es ratificado por la Directora del Servicio de Salud Aconcagua, Susan Porras, encargada de presentar al nuevo director que comenzar\u00e1 sus funciones en el hospital este pr\u00f3ximo martes 08 de octubre.<\/p>\n<p>\u201cTenemos grandes planes para este hospital como el resonador y la llegada del nuevo director, peor no es lo \u00fanico pues tambi\u00e9n estamos trabajando silenciosamente en el estudio pre inversional de normalizaci\u00f3n, el cual a mediano-largo plazo, nos permitir\u00e1 avanzar para la concreci\u00f3n de la ampliaci\u00f3n de este recinto, tal cual lo estamos haciendo en los otros centros de salud de toda nuestra red, lo que nos permite asegurar responsablemente que los usuarios del Valle cuentan con una de las mejores infraestructuras y equipamiento para su atenci\u00f3n\u201d.<\/p>\n<p>En la ceremonia, se entregaron diversos est\u00edmulos a los funcionarios que representan los valores institucionales del Hospital. En el valor Esp\u00edritu de Servicio, la instituci\u00f3n reconoci\u00f3 al Sr. Claudio Romo, administrativo del Departamento de Atenci\u00f3n al Usuario. Asimismo, encarnando el valor institucional del respeto, el establecimiento reconoce al Sr. Alexis Lobos, administrativo de Abastecimiento.\u00a0 En el valor institucional de la empat\u00eda, se reconoci\u00f3 este a\u00f1o a la Srta. Paulina Molina, a cargo de Informaciones.La medalla al valor de la colaboraci\u00f3n recay\u00f3 en la parvularia Daniella Rios, Jefe de la Sala Cuna y jard\u00edn Infantil. Finalmente, la medalla al valor del compromiso, fue entregada al Dr. Felipe C\u00e1rcamo, anestesista de Pabell\u00f3n.<\/p>\n<p>En la misma ceremonia se reconocieron los 25 a\u00f1os de la Unidad de Cuidados Intensivos, la cual representa un verdadero baluarte de la salud p\u00fablica del Valle, al ser la \u00fanica unidad de cuidados cr\u00edticos disponibles para toda la comunidad, responsabilidad que han sabido llevarla de la mejor manera a lo largo de su historia.<\/p>\n<p>&nbsp;<\/p>\n<p><img fetchpriority=\"high\" decoding=\"async\" class=\"alignnone size-medium wp-image-13849\" src=\"https:\/\/hospitalsancamilo.cl\/wp-content\/uploads\/2019\/10\/IMG_7334-300x200.jpg\" alt=\"\" width=\"300\" height=\"200\" \/><\/p>\n<p><img decoding=\"async\" class=\"alignnone size-medium wp-image-13844\" src=\"https:\/\/hospitalsancamilo.cl\/wp-content\/uploads\/2019\/10\/IMG_7316-200x300.jpg\" alt=\"\" width=\"200\" height=\"300\" \/><\/p>\n<p>&nbsp;<\/p>\n<p><img decoding=\"async\" class=\"alignnone size-medium wp-image-13845\" src=\"https:\/\/hospitalsancamilo.cl\/wp-content\/uploads\/2019\/10\/IMG_7319-200x300.jpg\" alt=\"\" width=\"200\" height=\"300\" \/><\/p>\n<p><img loading=\"lazy\" decoding=\"async\" class=\"alignnone size-medium wp-image-13846\" src=\"https:\/\/hospitalsancamilo.cl\/wp-content\/uploads\/2019\/10\/IMG_7320-200x300.jpg\" alt=\"\" width=\"200\" height=\"300\" \/><\/p>\n<p><img loading=\"lazy\" decoding=\"async\" class=\"alignnone size-medium wp-image-13847\" src=\"https:\/\/hospitalsancamilo.cl\/wp-content\/uploads\/2019\/10\/IMG_7323-300x200.jpg\" alt=\"\" width=\"300\" height=\"200\" \/><\/p>\n<p><img loading=\"lazy\" decoding=\"async\" class=\"alignnone size-medium wp-image-13848\" src=\"https:\/\/hospitalsancamilo.cl\/wp-content\/uploads\/2019\/10\/IMG_7324-300x200.jpg\" alt=\"\" width=\"300\" height=\"200\" \/><\/p>\n<p><img loading=\"lazy\" decoding=\"async\" class=\"alignnone size-medium wp-image-13850\" src=\"https:\/\/hospitalsancamilo.cl\/wp-content\/uploads\/2019\/10\/IMG_7348-200x300.jpg\" alt=\"\" width=\"200\" height=\"300\" \/><\/p>\n<p>&nbsp;<\/p>\n","protected":false},"excerpt":{"rendered":"<p>Cumplea\u00f1os encuentra al establecimiento en una nueva etapa que comienza con la llegada del director Ricardo Salazar Cabrera 177 al servicio de\u00a0la salud de toda la poblaci\u00f3n del Valle del Aconcagua cumple el Hospital San Camilo y lo hace celebrando la concreci\u00f3n de millonarias inversiones que ya est\u00e1n operativas y a disposici\u00f3n de todos los usuarios como los arreglos de los ba\u00f1os de los servicios de hospitalizados, las mejoras en pabell\u00f3n y los m\u00e1s de 5 mil millones de pesos invertidos en equipamiento. Pero quiz\u00e1 las noticias m\u00e1s importantes de esta celebraci\u00f3n son, por una parte, la concreci\u00f3n de un anhelado sue\u00f1o que esta semana comienza a ser realidad con la entrega de terreno que se realizar\u00e1 a la marca Phillips para la construcci\u00f3n e instalaci\u00f3n del primer Resonador Nuclear Magn\u00e9tico del sistema p\u00fablico del Valle del Aconcagua, hito que se concreta este viernes y a partir del cual comenzar\u00e1 la cuenta regresiva de 220 d\u00edas para su entrega definitiva seg\u00fan el contrato. Por otra parte, el monitoreo y supervisi\u00f3n de este tremendo avance para la salud p\u00fablica abre una etapa para el establecimiento, ya que concuerda con la llegada de un nuevo director elegido por Alta Direcci\u00f3n P\u00fablica, siendo el ingeniero comercial Ricardo Salazar Cabrera el encargado de liderar este proceso. \u201cEstamos en medio de importantes cambios que benefician directamente a los usuarios y esperamos que en este nuevo proceso sigan llegando las mejoras que nos acercan a una atenci\u00f3n de excelencia, para lo cual seguiremos trabajando arduamente\u201d, se\u00f1al\u00f3 la Directora subrogante, Dra. Pamela Graham. Lo anterior es ratificado por la Directora del Servicio de Salud Aconcagua, Susan Porras, encargada de presentar al nuevo director que comenzar\u00e1 sus funciones en el hospital este pr\u00f3ximo martes 08 de octubre. \u201cTenemos grandes planes para este hospital como el resonador y la llegada del nuevo director, peor no es lo \u00fanico pues tambi\u00e9n estamos trabajando silenciosamente en el estudio pre inversional de normalizaci\u00f3n, el cual a mediano-largo plazo, nos permitir\u00e1 avanzar para la concreci\u00f3n de la ampliaci\u00f3n de este recinto, tal cual lo estamos haciendo en los otros centros de salud de toda nuestra red, lo que nos permite asegurar responsablemente que los usuarios del Valle cuentan con una de las mejores infraestructuras y equipamiento para su atenci\u00f3n\u201d. En la ceremonia, se entregaron diversos est\u00edmulos a los funcionarios que representan los valores institucionales del Hospital. En el valor Esp\u00edritu de Servicio, la instituci\u00f3n reconoci\u00f3 al Sr. Claudio Romo, administrativo del Departamento de Atenci\u00f3n al Usuario. Asimismo, encarnando el valor institucional del respeto, el establecimiento reconoce al Sr. Alexis Lobos, administrativo de Abastecimiento.\u00a0 En el valor institucional de la empat\u00eda, se reconoci\u00f3 este a\u00f1o a la Srta. Paulina Molina, a cargo de Informaciones.La medalla al valor de la colaboraci\u00f3n recay\u00f3 en la parvularia Daniella Rios, Jefe de la Sala Cuna y jard\u00edn Infantil. Finalmente, la medalla al valor del compromiso, fue entregada al Dr. Felipe C\u00e1rcamo, anestesista de Pabell\u00f3n. En la misma ceremonia se reconocieron los 25 a\u00f1os de la Unidad de Cuidados Intensivos, la cual representa un verdadero baluarte de la salud p\u00fablica del Valle, al ser la \u00fanica unidad de cuidados cr\u00edticos disponibles para toda la comunidad, responsabilidad que han sabido llevarla de la mejor manera a lo largo de su historia. &nbsp; &nbsp; &nbsp;<\/p>\n","protected":false},"author":1,"featured_media":13849,"comment_status":"closed","ping_status":"closed","sticky":false,"template":"","format":"standard","meta":{"_joinchat":[],"footnotes":""},"categories":[9],"tags":[],"class_list":["post-13843","post","type-post","status-publish","format-standard","has-post-thumbnail","hentry","category-noticias"],"acf":[],"_links":{"self":[{"href":"https:\/\/hospitalsancamilo.cl\/sitioweb\/wp-json\/wp\/v2\/posts\/13843","targetHints":{"allow":["GET"]}}],"collection":[{"href":"https:\/\/hospitalsancamilo.cl\/sitioweb\/wp-json\/wp\/v2\/posts"}],"about":[{"href":"https:\/\/hospitalsancamilo.cl\/sitioweb\/wp-json\/wp\/v2\/types\/post"}],"author":[{"embeddable":true,"href":"https:\/\/hospitalsancamilo.cl\/sitioweb\/wp-json\/wp\/v2\/users\/1"}],"replies":[{"embeddable":true,"href":"https:\/\/hospitalsancamilo.cl\/sitioweb\/wp-json\/wp\/v2\/comments?post=13843"}],"version-history":[{"count":0,"href":"https:\/\/hospitalsancamilo.cl\/sitioweb\/wp-json\/wp\/v2\/posts\/13843\/revisions"}],"wp:featuredmedia":[{"embeddable":true,"href":"https:\/\/hospitalsancamilo.cl\/sitioweb\/wp-json\/"}],"wp:attachment":[{"href":"https:\/\/hospitalsancamilo.cl\/sitioweb\/wp-json\/wp\/v2\/media?parent=13843"}],"wp:term":[{"taxonomy":"category","embeddable":true,"href":"https:\/\/hospitalsancamilo.cl\/sitioweb\/wp-json\/wp\/v2\/categories?post=13843"},{"taxonomy":"post_tag","embeddable":true,"href":"https:\/\/hospitalsancamilo.cl\/sitioweb\/wp-json\/wp\/v2\/tags?post=13843"}],"curies":[{"name":"wp","href":"https:\/\/api.w.org\/{rel}","templated":true}]}}