{"id":13923,"date":"2020-01-02T11:27:55","date_gmt":"2020-01-02T15:27:55","guid":{"rendered":"https:\/\/hospitalsancamilo.cl\/?p=13923"},"modified":"2020-01-02T11:27:55","modified_gmt":"2020-01-02T15:27:55","slug":"primer-bebe-del-ano-nacio-en-el-hospital-san-camilo-a-las-0004-hrs","status":"publish","type":"post","link":"https:\/\/hospitalsancamilo.cl\/sitioweb\/2020\/01\/02\/primer-bebe-del-ano-nacio-en-el-hospital-san-camilo-a-las-0004-hrs\/","title":{"rendered":"Primer bebe del a\u00f1o naci\u00f3 en el Hospital San Camilo a las 00:04 hrs."},"content":{"rendered":"<p><strong>Su nombre es Oscar y es hijo de madre colombiana y padre peruano<\/strong><\/p>\n<p>El primer beb\u00e9 del a\u00f1o naci\u00f3 en el Hospital San Camilo mediante parto natural a las 00:04 hrs. pesando 3 kilos 220 gramos y midiendo 49 cm. y es hijo de madre colombiana y padre peruano, siendo visitado por las autoridades provinciales para entregarle diversos regalos por este hermoso acontecimiento.<\/p>\n<p>Su madre, Cilennia Vega, asegur\u00f3 que todo fue muy r\u00e1pido, pero todo en orden. \u201cEstoy muy contenta y feliz porque naci\u00f3 bien, no me esperaba esto de la hora, pero si es un gusto que sea chileno, su nombre Oscar se lo puso el pap\u00e1 por su abuelo, que es peruano, as\u00ed que ahora en nuestra casa ser\u00e1n tres nacionalidades distintas viviendo en San Felipe\u201d.<\/p>\n<p>Por su parte, Max Navas, Jefe de Gabinete de la Gobernaci\u00f3n de San Felipe, felicit\u00f3 a nuevos padres esperando que estos nuevos chilenos sean un aporte para el pa\u00eds, ya que junto con Oscar, nacieron tambi\u00e9n el 01 de enero 4 ni\u00f1os m\u00e1s.<\/p>\n<p>\u201cEstamos muy feliz como Gobierno de poder saludar y regalonear a estos primeros nacimientos del a\u00f1o y hemos venido a entregarle unos regalos y darle todo el apoyo de nuestra Gobernaci\u00f3n a todas las mam\u00e1s, dese\u00e1ndoles lo mejor a todos estos nuevos chilenos que viene a aportar a nuestro pa\u00eds\u201d.<\/p>\n<p>De la misma manera, Salom\u00e9 Poblete, matrona supervisora del Servicio de G\u00edneco-Obstetricia asegur\u00f3 que todos los nacimientos se dieron de la mejor forma. \u201cEstamos dando la bienvenida a nuestros primeros nacimientos y orgullosos de tener al primero del pa\u00eds. Su madre lleg\u00f3 bien avanzada y fue justo en el cambio de hora producto de un parto bien espont\u00e1neo pero tranquilo gracias a que nuestro equipo est\u00e1 m\u00e1s que preparado para trabajar en estos casos\u201d.<\/p>\n<p>Finalmente, Cristian Gonz\u00e1lez, Asistente Social de Chile Crece Contigo agreg\u00f3 que tanto Oscar como todos los beb\u00e9s que nacen en un hospital p\u00fablico como el Hospital San Camilo, obtienen una serie de beneficios. \u201cGracias a que el programa cuenta con un equipo multidisciplinario con psic\u00f3logas y matrona, se puede entregar orientaci\u00f3n y asesor\u00eda, adem\u00e1s de ayudas como el completo ajuar que consiste en una cuna corral m\u00e1s otros implementos necesarios para los primeros meses de vida de los beb\u00e9s\u201d.<\/p>\n","protected":false},"excerpt":{"rendered":"<p>Su nombre es Oscar y es hijo de madre colombiana y padre peruano El primer beb\u00e9 del a\u00f1o naci\u00f3 en el Hospital San Camilo mediante parto natural a las 00:04 hrs. pesando 3 kilos 220 gramos y midiendo 49 cm. y es hijo de madre colombiana y padre peruano, siendo visitado por las autoridades provinciales para entregarle diversos regalos por este hermoso acontecimiento. Su madre, Cilennia Vega, asegur\u00f3 que todo fue muy r\u00e1pido, pero todo en orden. \u201cEstoy muy contenta y feliz porque naci\u00f3 bien, no me esperaba esto de la hora, pero si es un gusto que sea chileno, su nombre Oscar se lo puso el pap\u00e1 por su abuelo, que es peruano, as\u00ed que ahora en nuestra casa ser\u00e1n tres nacionalidades distintas viviendo en San Felipe\u201d. Por su parte, Max Navas, Jefe de Gabinete de la Gobernaci\u00f3n de San Felipe, felicit\u00f3 a nuevos padres esperando que estos nuevos chilenos sean un aporte para el pa\u00eds, ya que junto con Oscar, nacieron tambi\u00e9n el 01 de enero 4 ni\u00f1os m\u00e1s. \u201cEstamos muy feliz como Gobierno de poder saludar y regalonear a estos primeros nacimientos del a\u00f1o y hemos venido a entregarle unos regalos y darle todo el apoyo de nuestra Gobernaci\u00f3n a todas las mam\u00e1s, dese\u00e1ndoles lo mejor a todos estos nuevos chilenos que viene a aportar a nuestro pa\u00eds\u201d. De la misma manera, Salom\u00e9 Poblete, matrona supervisora del Servicio de G\u00edneco-Obstetricia asegur\u00f3 que todos los nacimientos se dieron de la mejor forma. \u201cEstamos dando la bienvenida a nuestros primeros nacimientos y orgullosos de tener al primero del pa\u00eds. Su madre lleg\u00f3 bien avanzada y fue justo en el cambio de hora producto de un parto bien espont\u00e1neo pero tranquilo gracias a que nuestro equipo est\u00e1 m\u00e1s que preparado para trabajar en estos casos\u201d. Finalmente, Cristian Gonz\u00e1lez, Asistente Social de Chile Crece Contigo agreg\u00f3 que tanto Oscar como todos los beb\u00e9s que nacen en un hospital p\u00fablico como el Hospital San Camilo, obtienen una serie de beneficios. \u201cGracias a que el programa cuenta con un equipo multidisciplinario con psic\u00f3logas y matrona, se puede entregar orientaci\u00f3n y asesor\u00eda, adem\u00e1s de ayudas como el completo ajuar que consiste en una cuna corral m\u00e1s otros implementos necesarios para los primeros meses de vida de los beb\u00e9s\u201d.<\/p>\n","protected":false},"author":1,"featured_media":14034,"comment_status":"closed","ping_status":"closed","sticky":false,"template":"","format":"standard","meta":{"_joinchat":[],"footnotes":""},"categories":[9],"tags":[],"class_list":["post-13923","post","type-post","status-publish","format-standard","has-post-thumbnail","hentry","category-noticias"],"acf":[],"_links":{"self":[{"href":"https:\/\/hospitalsancamilo.cl\/sitioweb\/wp-json\/wp\/v2\/posts\/13923","targetHints":{"allow":["GET"]}}],"collection":[{"href":"https:\/\/hospitalsancamilo.cl\/sitioweb\/wp-json\/wp\/v2\/posts"}],"about":[{"href":"https:\/\/hospitalsancamilo.cl\/sitioweb\/wp-json\/wp\/v2\/types\/post"}],"author":[{"embeddable":true,"href":"https:\/\/hospitalsancamilo.cl\/sitioweb\/wp-json\/wp\/v2\/users\/1"}],"replies":[{"embeddable":true,"href":"https:\/\/hospitalsancamilo.cl\/sitioweb\/wp-json\/wp\/v2\/comments?post=13923"}],"version-history":[{"count":0,"href":"https:\/\/hospitalsancamilo.cl\/sitioweb\/wp-json\/wp\/v2\/posts\/13923\/revisions"}],"wp:featuredmedia":[{"embeddable":true,"href":"https:\/\/hospitalsancamilo.cl\/sitioweb\/wp-json\/wp\/v2\/media\/14034"}],"wp:attachment":[{"href":"https:\/\/hospitalsancamilo.cl\/sitioweb\/wp-json\/wp\/v2\/media?parent=13923"}],"wp:term":[{"taxonomy":"category","embeddable":true,"href":"https:\/\/hospitalsancamilo.cl\/sitioweb\/wp-json\/wp\/v2\/categories?post=13923"},{"taxonomy":"post_tag","embeddable":true,"href":"https:\/\/hospitalsancamilo.cl\/sitioweb\/wp-json\/wp\/v2\/tags?post=13923"}],"curies":[{"name":"wp","href":"https:\/\/api.w.org\/{rel}","templated":true}]}}