{"id":15431,"date":"2021-09-22T11:10:29","date_gmt":"2021-09-22T15:10:29","guid":{"rendered":"https:\/\/hospitalsancamilo.cl\/?p=15431"},"modified":"2021-09-22T11:10:29","modified_gmt":"2021-09-22T15:10:29","slug":"en-el-dia-del-alzheimer-la-unidad-de-memoria-del-hospital-san-camilo-ensena-las-senales-para-detectar-a-tiempo-esta-enfermedad","status":"publish","type":"post","link":"https:\/\/hospitalsancamilo.cl\/sitioweb\/2021\/09\/22\/en-el-dia-del-alzheimer-la-unidad-de-memoria-del-hospital-san-camilo-ensena-las-senales-para-detectar-a-tiempo-esta-enfermedad\/","title":{"rendered":"En el d\u00eda del Alzheimer la Unidad de Memoria del Hospital San Camilo ense\u00f1a las se\u00f1ales para detectar a tiempo esta enfermedad"},"content":{"rendered":"<p><img fetchpriority=\"high\" decoding=\"async\" class=\"alignnone size-medium wp-image-15432\" src=\"https:\/\/hospitalsancamilo.cl\/wp-content\/uploads\/2021\/09\/IMG_5596-300x200.jpg\" alt=\"\" width=\"300\" height=\"200\" \/><\/p>\n<p><strong>Especialistas entregan orientaciones sobre qu\u00e9 hacer en caso de sospecha <\/strong><\/p>\n<p>El alzheimer es una de las patolog\u00edas que con el avance en la esperanza de vida de la poblaci\u00f3n ha crecido notoriamente y su prevalencia aumenta a medida que envejecemos, por lo que detectar a tiempo las primeras se\u00f1ales es fundamental para entregar un buen y oportuno tratamiento.<\/p>\n<p>Es por que esto que la Unidad de Memoria del Hospital San Camilo, en el marco del D\u00eda Internacional del Alzheimer celebrado el 21 de septiembre, se encuentra realizando diversas actividades para ense\u00f1ar y concientizar acerca de la importancia de esta enfermedad y, sobre todo, c\u00f3mo tratarla a tiempo.<\/p>\n<p>\u201cEl olvido frecuente que afecta el rendimiento diario, la desorientaci\u00f3n en espacios familiares, la dificultad en la realizaci\u00f3n de las tareas cotidianas o los cambios de humor sin raz\u00f3n aparente son las se\u00f1ales m\u00e1s importantes a las cuales hay que prestarles atenci\u00f3n\u201d, asegur\u00f3 el Dr. Gonzalo Guajardo, neur\u00f3logo de la Unidad de Memoria del San Camilo.<\/p>\n<p>De acuerdo al especialista, lamentablemente esta patolog\u00eda no tiene cura, pero si se pueden realizar acciones para ejercitar la memoria, como los puzles, sopas de letras y otras actividades que la pongan a prueba.<\/p>\n<p>\u201cNuestra unidad entrega atenci\u00f3n profesional multidisciplinaria al contar con un equipo con enfermera, psic\u00f3loga, terapeuta ocupacional, asistente social y fonoaudi\u00f3loga, adem\u00e1s de la atenci\u00f3n m\u00e9dica, por lo que ac\u00e1 llegan pacientes ya derivados de la atenci\u00f3n primaria, por lo que ante sospechas, la comunidad debe dirigirse a su Cesfam correspondiente desde donde ser\u00e1n derivados si corresponde\u201d, agreg\u00f3 el facultativo.<\/p>\n<p>Cabe destacar que el 1% de la poblaci\u00f3n sufre de alg\u00fan grado de demencia, lo que llevado a cifras locales se traduce en unas 3 mil personas a las cuales se les debe sumar su entorno, es decir sus familias y cercanos, cifras que van creciendo con el envejecimiento de nuestra poblaci\u00f3n.<\/p>\n<p>Cabe destacar que la demencia es una patolog\u00eda que compromete las capacidades cognitivas de las personas, que puede expresarse en el lenguaje, la memoria o la capacidad de coordinar y planificar. Seg\u00fan el neur\u00f3logo, la mayor parte de las veces las personas la asocian con alteraciones de la memoria, pero esto va m\u00e1s all\u00e1, porque afecta tambi\u00e9n su conducta.<\/p>\n","protected":false},"excerpt":{"rendered":"<p>Especialistas entregan orientaciones sobre qu\u00e9 hacer en caso de sospecha El alzheimer es una de las patolog\u00edas que con el avance en la esperanza de vida de la poblaci\u00f3n ha crecido notoriamente y su prevalencia aumenta a medida que envejecemos, por lo que detectar a tiempo las primeras se\u00f1ales es fundamental para entregar un buen y oportuno tratamiento. Es por que esto que la Unidad de Memoria del Hospital San Camilo, en el marco del D\u00eda Internacional del Alzheimer celebrado el 21 de septiembre, se encuentra realizando diversas actividades para ense\u00f1ar y concientizar acerca de la importancia de esta enfermedad y, sobre todo, c\u00f3mo tratarla a tiempo. \u201cEl olvido frecuente que afecta el rendimiento diario, la desorientaci\u00f3n en espacios familiares, la dificultad en la realizaci\u00f3n de las tareas cotidianas o los cambios de humor sin raz\u00f3n aparente son las se\u00f1ales m\u00e1s importantes a las cuales hay que prestarles atenci\u00f3n\u201d, asegur\u00f3 el Dr. Gonzalo Guajardo, neur\u00f3logo de la Unidad de Memoria del San Camilo. De acuerdo al especialista, lamentablemente esta patolog\u00eda no tiene cura, pero si se pueden realizar acciones para ejercitar la memoria, como los puzles, sopas de letras y otras actividades que la pongan a prueba. \u201cNuestra unidad entrega atenci\u00f3n profesional multidisciplinaria al contar con un equipo con enfermera, psic\u00f3loga, terapeuta ocupacional, asistente social y fonoaudi\u00f3loga, adem\u00e1s de la atenci\u00f3n m\u00e9dica, por lo que ac\u00e1 llegan pacientes ya derivados de la atenci\u00f3n primaria, por lo que ante sospechas, la comunidad debe dirigirse a su Cesfam correspondiente desde donde ser\u00e1n derivados si corresponde\u201d, agreg\u00f3 el facultativo. Cabe destacar que el 1% de la poblaci\u00f3n sufre de alg\u00fan grado de demencia, lo que llevado a cifras locales se traduce en unas 3 mil personas a las cuales se les debe sumar su entorno, es decir sus familias y cercanos, cifras que van creciendo con el envejecimiento de nuestra poblaci\u00f3n. Cabe destacar que la demencia es una patolog\u00eda que compromete las capacidades cognitivas de las personas, que puede expresarse en el lenguaje, la memoria o la capacidad de coordinar y planificar. Seg\u00fan el neur\u00f3logo, la mayor parte de las veces las personas la asocian con alteraciones de la memoria, pero esto va m\u00e1s all\u00e1, porque afecta tambi\u00e9n su conducta.<\/p>\n","protected":false},"author":1,"featured_media":15432,"comment_status":"closed","ping_status":"open","sticky":false,"template":"","format":"standard","meta":{"_joinchat":[],"footnotes":""},"categories":[9],"tags":[],"class_list":["post-15431","post","type-post","status-publish","format-standard","has-post-thumbnail","hentry","category-noticias"],"acf":[],"_links":{"self":[{"href":"https:\/\/hospitalsancamilo.cl\/sitioweb\/wp-json\/wp\/v2\/posts\/15431","targetHints":{"allow":["GET"]}}],"collection":[{"href":"https:\/\/hospitalsancamilo.cl\/sitioweb\/wp-json\/wp\/v2\/posts"}],"about":[{"href":"https:\/\/hospitalsancamilo.cl\/sitioweb\/wp-json\/wp\/v2\/types\/post"}],"author":[{"embeddable":true,"href":"https:\/\/hospitalsancamilo.cl\/sitioweb\/wp-json\/wp\/v2\/users\/1"}],"replies":[{"embeddable":true,"href":"https:\/\/hospitalsancamilo.cl\/sitioweb\/wp-json\/wp\/v2\/comments?post=15431"}],"version-history":[{"count":0,"href":"https:\/\/hospitalsancamilo.cl\/sitioweb\/wp-json\/wp\/v2\/posts\/15431\/revisions"}],"wp:featuredmedia":[{"embeddable":true,"href":"https:\/\/hospitalsancamilo.cl\/sitioweb\/wp-json\/wp\/v2\/media\/15432"}],"wp:attachment":[{"href":"https:\/\/hospitalsancamilo.cl\/sitioweb\/wp-json\/wp\/v2\/media?parent=15431"}],"wp:term":[{"taxonomy":"category","embeddable":true,"href":"https:\/\/hospitalsancamilo.cl\/sitioweb\/wp-json\/wp\/v2\/categories?post=15431"},{"taxonomy":"post_tag","embeddable":true,"href":"https:\/\/hospitalsancamilo.cl\/sitioweb\/wp-json\/wp\/v2\/tags?post=15431"}],"curies":[{"name":"wp","href":"https:\/\/api.w.org\/{rel}","templated":true}]}}