{"id":1600,"date":"2016-06-22T19:42:13","date_gmt":"2016-06-22T19:42:13","guid":{"rendered":"https:\/\/hospitalsancamilo.cl\/sitio\/?p=1600"},"modified":"2016-06-22T19:42:13","modified_gmt":"2016-06-22T19:42:13","slug":"padre-de-actor-que-sufrio-grave-accidente-en-las-chilcas-relata-como-le-salvaron-la-vida-a-su-hijo-en-el-san-camilo","status":"publish","type":"post","link":"https:\/\/hospitalsancamilo.cl\/sitioweb\/2016\/06\/22\/padre-de-actor-que-sufrio-grave-accidente-en-las-chilcas-relata-como-le-salvaron-la-vida-a-su-hijo-en-el-san-camilo\/","title":{"rendered":"Padre de actor que sufri\u00f3 grave accidente en las Chilcas relata c\u00f3mo le salvaron la vida a su hijo en el San Camilo"},"content":{"rendered":"<p><img fetchpriority=\"high\" decoding=\"async\" class=\"aligncenter size-large wp-image-1601\" src=\"https:\/\/hospitalsancamilo.cl\/wp-content\/uploads\/2016\/06\/IMG_1813-1024x768.jpg\" alt=\"IMG_1813\" width=\"720\" height=\"540\" \/><\/p>\n<p><strong>Joven ven\u00eda junto a su compa\u00f1\u00eda de teatro a presentar una obra a Llay Llay cuando chocaron de frente con un cami\u00f3n que termin\u00f3 con la vida de uno de sus compa\u00f1eros mientras que \u00e9l fue derivado al Hospital San Camilo donde fue operado en condiciones de extrema gravedad<\/strong><\/p>\n<p>\u201cMi hijo Brandon ven\u00eda a actuar a Llay Llay cuando chocaron de frente con un cami\u00f3n. Uno de sus compa\u00f1eros falleci\u00f3,\u00a0 el resto qued\u00f3 gravemente herido y mi hijo sali\u00f3 expulsado del veh\u00edculo, lo que le provoc\u00f3 un shock hemorr\u00e1gico, rotura del bazo, traumatismo craneal y m\u00faltiples complicaciones, ingresando a Urgencias del Hospital San Camilo a punto de fallecer\u201d.<\/p>\n<p>As\u00ed parte el relato de Ra\u00fal Gamboa, padre del joven de 23 a\u00f1os\u00a0 que sobrevivi\u00f3 al fat\u00eddico accidente ocurrido en la Cuesta las Chilcas hace algunos d\u00edas y que lo oblig\u00f3 a trasladarse desde Santiago a San Felipe a apoyar la recuperaci\u00f3n de su hijo, hecho que le permiti\u00f3 conocer en primera persona la atenci\u00f3n del Hospital local.<\/p>\n<p>\u201cMi hijo hab\u00eda sangrado mucho y cuando termin\u00f3 la operaci\u00f3n el Dr. Gino Olavarr\u00eda me explic\u00f3 que Brandon estaba en riesgo vital, pero que har\u00edan todos los esfuerzos por recuperarlo, por lo que ser\u00eda hospitalizado en la UCI donde se ver\u00eda qu\u00e9 tipo de secuelas podr\u00eda tener. Desde ese primer contacto, todos en el establecimiento me han atendido muy bien, desde la gente del aseo hasta los guardias pasando por todo el personal cl\u00ednico\u201d, a\u00f1ade.<\/p>\n<p>Mientras relata lo complejo de aquellos d\u00edas, recalca que \u00e9l tambi\u00e9n es funcionario de salud en Santiago y como tal pens\u00f3 en llev\u00e1rselo a su hospital, pero que luego de ver la calidad de la atenci\u00f3n brindada, decidi\u00f3 dejarlo en manos de los profesionales sanfelipe\u00f1os.<\/p>\n<p>\u201cMe llam\u00f3 mucho la atenci\u00f3n como trataban ac\u00e1, yo conozco mucho hospitales y aqu\u00ed nos permiten quedarnos esperando, la informaci\u00f3n es diaria y oportuna, nunca tuvimos mala experiencia, desde los guardias hasta el m\u00e9dico de turno y la parte de enfermer\u00eda, buena recepci\u00f3n, gente c\u00e1lida que entendi\u00f3 nuestro problema, situaci\u00f3n que hasta mis compa\u00f1eros de trabajo les llamo la atenci\u00f3n, adem\u00e1s de lo limpio que est\u00e1 el hospital. Este modelo de atenci\u00f3n deber\u00edan replicarlo en otros establecimientos\u201d.<\/p>\n<p>Ahora,\u00a0 ad portas de su alta m\u00e9dica, Ra\u00fal junto a la Mayra Zelada, pareja de Brandon quien est\u00e1 embarazada de 37 semanas, desea expresar su agradecimiento porque gracias a al trabajo\u00a0 de los funcionarios del Hospital San Camilo su hijo podr\u00e1 conocer\u00a0 y disfrutar de la paternidad, por lo cual hace un llamado a la comunidad usuaria para que cuide el recinto, ya que a su juicio, \u201cla comunidad deber\u00eda estar agradecida del hospital que tienen, porque el personal es excelente y lo que se est\u00e1 haciendo es muy bueno, muy humano y profesional. Los hospitales de Santiago est\u00e1n muy lejos del nivel de atenci\u00f3n de ac\u00e1. Cu\u00eddenlo\u201d, finaliz\u00f3.<\/p>\n","protected":false},"excerpt":{"rendered":"<p>Joven ven\u00eda junto a su compa\u00f1\u00eda de teatro a presentar una obra a Llay Llay cuando chocaron de frente con un cami\u00f3n que termin\u00f3 con la vida de uno de sus compa\u00f1eros mientras que \u00e9l fue derivado al Hospital San Camilo donde fue operado en condiciones de extrema gravedad \u201cMi hijo Brandon ven\u00eda a actuar a Llay Llay cuando chocaron de frente con un cami\u00f3n. Uno de sus compa\u00f1eros falleci\u00f3,\u00a0 el resto qued\u00f3 gravemente herido y mi hijo sali\u00f3 expulsado del veh\u00edculo, lo que le provoc\u00f3 un shock hemorr\u00e1gico, rotura del bazo, traumatismo craneal y m\u00faltiples complicaciones, ingresando a Urgencias del Hospital San Camilo a punto de fallecer\u201d. As\u00ed parte el relato de Ra\u00fal Gamboa, padre del joven de 23 a\u00f1os\u00a0 que sobrevivi\u00f3 al fat\u00eddico accidente ocurrido en la Cuesta las Chilcas hace algunos d\u00edas y que lo oblig\u00f3 a trasladarse desde Santiago a San Felipe a apoyar la recuperaci\u00f3n de su hijo, hecho que le permiti\u00f3 conocer en primera persona la atenci\u00f3n del Hospital local. \u201cMi hijo hab\u00eda sangrado mucho y cuando termin\u00f3 la operaci\u00f3n el Dr. Gino Olavarr\u00eda me explic\u00f3 que Brandon estaba en riesgo vital, pero que har\u00edan todos los esfuerzos por recuperarlo, por lo que ser\u00eda hospitalizado en la UCI donde se ver\u00eda qu\u00e9 tipo de secuelas podr\u00eda tener. Desde ese primer contacto, todos en el establecimiento me han atendido muy bien, desde la gente del aseo hasta los guardias pasando por todo el personal cl\u00ednico\u201d, a\u00f1ade. Mientras relata lo complejo de aquellos d\u00edas, recalca que \u00e9l tambi\u00e9n es funcionario de salud en Santiago y como tal pens\u00f3 en llev\u00e1rselo a su hospital, pero que luego de ver la calidad de la atenci\u00f3n brindada, decidi\u00f3 dejarlo en manos de los profesionales sanfelipe\u00f1os. \u201cMe llam\u00f3 mucho la atenci\u00f3n como trataban ac\u00e1, yo conozco mucho hospitales y aqu\u00ed nos permiten quedarnos esperando, la informaci\u00f3n es diaria y oportuna, nunca tuvimos mala experiencia, desde los guardias hasta el m\u00e9dico de turno y la parte de enfermer\u00eda, buena recepci\u00f3n, gente c\u00e1lida que entendi\u00f3 nuestro problema, situaci\u00f3n que hasta mis compa\u00f1eros de trabajo les llamo la atenci\u00f3n, adem\u00e1s de lo limpio que est\u00e1 el hospital. Este modelo de atenci\u00f3n deber\u00edan replicarlo en otros establecimientos\u201d. Ahora,\u00a0 ad portas de su alta m\u00e9dica, Ra\u00fal junto a la Mayra Zelada, pareja de Brandon quien est\u00e1 embarazada de 37 semanas, desea expresar su agradecimiento porque gracias a al trabajo\u00a0 de los funcionarios del Hospital San Camilo su hijo podr\u00e1 conocer\u00a0 y disfrutar de la paternidad, por lo cual hace un llamado a la comunidad usuaria para que cuide el recinto, ya que a su juicio, \u201cla comunidad deber\u00eda estar agradecida del hospital que tienen, porque el personal es excelente y lo que se est\u00e1 haciendo es muy bueno, muy humano y profesional. Los hospitales de Santiago est\u00e1n muy lejos del nivel de atenci\u00f3n de ac\u00e1. Cu\u00eddenlo\u201d, finaliz\u00f3.<\/p>\n","protected":false},"author":1,"featured_media":1601,"comment_status":"closed","ping_status":"closed","sticky":false,"template":"","format":"standard","meta":{"_joinchat":[],"footnotes":""},"categories":[9],"tags":[],"class_list":["post-1600","post","type-post","status-publish","format-standard","has-post-thumbnail","hentry","category-noticias"],"acf":[],"_links":{"self":[{"href":"https:\/\/hospitalsancamilo.cl\/sitioweb\/wp-json\/wp\/v2\/posts\/1600","targetHints":{"allow":["GET"]}}],"collection":[{"href":"https:\/\/hospitalsancamilo.cl\/sitioweb\/wp-json\/wp\/v2\/posts"}],"about":[{"href":"https:\/\/hospitalsancamilo.cl\/sitioweb\/wp-json\/wp\/v2\/types\/post"}],"author":[{"embeddable":true,"href":"https:\/\/hospitalsancamilo.cl\/sitioweb\/wp-json\/wp\/v2\/users\/1"}],"replies":[{"embeddable":true,"href":"https:\/\/hospitalsancamilo.cl\/sitioweb\/wp-json\/wp\/v2\/comments?post=1600"}],"version-history":[{"count":0,"href":"https:\/\/hospitalsancamilo.cl\/sitioweb\/wp-json\/wp\/v2\/posts\/1600\/revisions"}],"wp:featuredmedia":[{"embeddable":true,"href":"https:\/\/hospitalsancamilo.cl\/sitioweb\/wp-json\/"}],"wp:attachment":[{"href":"https:\/\/hospitalsancamilo.cl\/sitioweb\/wp-json\/wp\/v2\/media?parent=1600"}],"wp:term":[{"taxonomy":"category","embeddable":true,"href":"https:\/\/hospitalsancamilo.cl\/sitioweb\/wp-json\/wp\/v2\/categories?post=1600"},{"taxonomy":"post_tag","embeddable":true,"href":"https:\/\/hospitalsancamilo.cl\/sitioweb\/wp-json\/wp\/v2\/tags?post=1600"}],"curies":[{"name":"wp","href":"https:\/\/api.w.org\/{rel}","templated":true}]}}