{"id":1646,"date":"2016-08-10T16:41:53","date_gmt":"2016-08-10T16:41:53","guid":{"rendered":"https:\/\/hospitalsancamilo.cl\/sitio\/?p=1646"},"modified":"2016-08-10T16:41:53","modified_gmt":"2016-08-10T16:41:53","slug":"masiva-despedida-brindaron-funcionarios-a-companera-de-trabajo-angelica-vega","status":"publish","type":"post","link":"https:\/\/hospitalsancamilo.cl\/sitioweb\/2016\/08\/10\/masiva-despedida-brindaron-funcionarios-a-companera-de-trabajo-angelica-vega\/","title":{"rendered":"Masiva despedida brindaron funcionarios a compa\u00f1era de trabajo Ang\u00e9lica Vega"},"content":{"rendered":"<p><img fetchpriority=\"high\" decoding=\"async\" class=\"aligncenter size-large wp-image-1647\" src=\"https:\/\/hospitalsancamilo.cl\/wp-content\/uploads\/2016\/08\/DSC08811-1024x683.jpg\" alt=\"DSC08811\" width=\"720\" height=\"480\" \/><\/p>\n<p>Sus restos fueron enterrados en el cementerio de El Almendral tras una sensible y emotiva \u00faltima parada en el frontis del establecimiento<\/p>\n<p>Pese a la tristeza que sent\u00edan por la partida de una compa\u00f1era de trabajo, de igual manera las funcionarias del servicio de esterilizaci\u00f3n junto a decenas de trabajadores del Hospital brindaron un \u00faltimo adi\u00f3s a la querida y alegre Mar\u00eda Ang\u00e9lica Vega Berrios, su compa\u00f1era de labores quien falleci\u00f3 producto de una fatal enfermedad este domingo 09 de agosto.<\/p>\n<p>Cabe recordar que Mar\u00eda Ang\u00e9lica ingres\u00f3 al establecimiento en el a\u00f1o 2006 destacando de inmediato por su buen \u00e1nimo y alegr\u00eda para trabajar, siendo recurrente verla\u00a0 bailando y festejando en las ceremonias de aniversario y celebraciones varias, en donde siempre destac\u00f3 por su entusiasmo.<\/p>\n<p>Lamentablemente, hace s\u00f3lo algunos meses, su salud se deterior\u00f3 producto de un fulminante c\u00e1ncer que la hizo decaer r\u00e1pidamente hasta este pasado domingo, en donde ya no pudo resistir m\u00e1s. Sus compa\u00f1eras y compa\u00f1eros de trabajo agradecen el apoyo de toda la familia hospitalaria, asegurando que Ang\u00e9lica tambi\u00e9n se va agradecida por esta despedida tal como ella lo hab\u00eda so\u00f1ado y expresado. De seguro su alegr\u00eda vivir\u00e1 en sus compa\u00f1eras y compa\u00f1eros de labores y en todos los que tuvieron la dicha de conocerla.<\/p>\n<p>&nbsp;<\/p>\n<p>&nbsp;<\/p>\n","protected":false},"excerpt":{"rendered":"<p>Sus restos fueron enterrados en el cementerio de El Almendral tras una sensible y emotiva \u00faltima parada en el frontis del establecimiento Pese a la tristeza que sent\u00edan por la partida de una compa\u00f1era de trabajo, de igual manera las funcionarias del servicio de esterilizaci\u00f3n junto a decenas de trabajadores del Hospital brindaron un \u00faltimo adi\u00f3s a la querida y alegre Mar\u00eda Ang\u00e9lica Vega Berrios, su compa\u00f1era de labores quien falleci\u00f3 producto de una fatal enfermedad este domingo 09 de agosto. Cabe recordar que Mar\u00eda Ang\u00e9lica ingres\u00f3 al establecimiento en el a\u00f1o 2006 destacando de inmediato por su buen \u00e1nimo y alegr\u00eda para trabajar, siendo recurrente verla\u00a0 bailando y festejando en las ceremonias de aniversario y celebraciones varias, en donde siempre destac\u00f3 por su entusiasmo. Lamentablemente, hace s\u00f3lo algunos meses, su salud se deterior\u00f3 producto de un fulminante c\u00e1ncer que la hizo decaer r\u00e1pidamente hasta este pasado domingo, en donde ya no pudo resistir m\u00e1s. Sus compa\u00f1eras y compa\u00f1eros de trabajo agradecen el apoyo de toda la familia hospitalaria, asegurando que Ang\u00e9lica tambi\u00e9n se va agradecida por esta despedida tal como ella lo hab\u00eda so\u00f1ado y expresado. De seguro su alegr\u00eda vivir\u00e1 en sus compa\u00f1eras y compa\u00f1eros de labores y en todos los que tuvieron la dicha de conocerla. &nbsp; &nbsp;<\/p>\n","protected":false},"author":1,"featured_media":1649,"comment_status":"closed","ping_status":"closed","sticky":false,"template":"","format":"standard","meta":{"_joinchat":[],"footnotes":""},"categories":[9],"tags":[],"class_list":["post-1646","post","type-post","status-publish","format-standard","has-post-thumbnail","hentry","category-noticias"],"acf":[],"_links":{"self":[{"href":"https:\/\/hospitalsancamilo.cl\/sitioweb\/wp-json\/wp\/v2\/posts\/1646","targetHints":{"allow":["GET"]}}],"collection":[{"href":"https:\/\/hospitalsancamilo.cl\/sitioweb\/wp-json\/wp\/v2\/posts"}],"about":[{"href":"https:\/\/hospitalsancamilo.cl\/sitioweb\/wp-json\/wp\/v2\/types\/post"}],"author":[{"embeddable":true,"href":"https:\/\/hospitalsancamilo.cl\/sitioweb\/wp-json\/wp\/v2\/users\/1"}],"replies":[{"embeddable":true,"href":"https:\/\/hospitalsancamilo.cl\/sitioweb\/wp-json\/wp\/v2\/comments?post=1646"}],"version-history":[{"count":0,"href":"https:\/\/hospitalsancamilo.cl\/sitioweb\/wp-json\/wp\/v2\/posts\/1646\/revisions"}],"wp:featuredmedia":[{"embeddable":true,"href":"https:\/\/hospitalsancamilo.cl\/sitioweb\/wp-json\/"}],"wp:attachment":[{"href":"https:\/\/hospitalsancamilo.cl\/sitioweb\/wp-json\/wp\/v2\/media?parent=1646"}],"wp:term":[{"taxonomy":"category","embeddable":true,"href":"https:\/\/hospitalsancamilo.cl\/sitioweb\/wp-json\/wp\/v2\/categories?post=1646"},{"taxonomy":"post_tag","embeddable":true,"href":"https:\/\/hospitalsancamilo.cl\/sitioweb\/wp-json\/wp\/v2\/tags?post=1646"}],"curies":[{"name":"wp","href":"https:\/\/api.w.org\/{rel}","templated":true}]}}