{"id":1657,"date":"2016-08-30T20:25:23","date_gmt":"2016-08-30T20:25:23","guid":{"rendered":"https:\/\/hospitalsancamilo.cl\/sitio\/?p=1657"},"modified":"2016-08-30T20:25:23","modified_gmt":"2016-08-30T20:25:23","slug":"uci-pediatrica-del-hospital-san-camilo-llevara-el-nombre-de-francisca-vicencio-flores","status":"publish","type":"post","link":"https:\/\/hospitalsancamilo.cl\/sitioweb\/2016\/08\/30\/uci-pediatrica-del-hospital-san-camilo-llevara-el-nombre-de-francisca-vicencio-flores\/","title":{"rendered":"UCI Pedi\u00e1trica del Hospital San Camilo llevar\u00e1 el nombre de Francisca Vicencio Flores"},"content":{"rendered":"<p><img fetchpriority=\"high\" decoding=\"async\" class=\"aligncenter size-large wp-image-1661\" src=\"https:\/\/hospitalsancamilo.cl\/wp-content\/uploads\/2016\/08\/DSC09127-1024x683.jpg\" alt=\"DSC09127\" width=\"720\" height=\"480\" \/><\/p>\n<p><strong><em>En la inauguraci\u00f3n del nuevo servicio cl\u00ednico las autoridades junto a los padres de la menor descubrieron una placa en su homenaje <\/em><\/strong><\/p>\n<p>En una emotiva ceremonia que tuvo como protagonistas a los padres de Francisca Vicencio Flores, las autoridades inauguraron la nueva Unidad de Cuidados Intensivos Pedi\u00e1tricos que permite entregar atenci\u00f3n a los menores que se encuentran en estado de gravedad y que antes de su puesta en marcha, deb\u00edan ser derivados a otros centros de salud en Valpara\u00edso o Santiago.<\/p>\n<p>Cabe recordar que la menor falleci\u00f3 en el a\u00f1o 2007 luego de ser atropellada y pasar 12 d\u00edas internada en la UCI del Hospital Carlos Van Buren en Valpara\u00edso, tras lo cual sus padres, Paola Flores y Jos\u00e9 Vicencio, comenzaron una ardua campa\u00f1a para dotar al Valle del Aconcagua de una unidad que prestara estos servicios cr\u00edticos, logrando ser escuchados por las autoridades.<\/p>\n<p>De esta manera, en la ceremonia, se destac\u00f3 el enorme aporte que la campa\u00f1a y el esfuerzo de los padres represent\u00f3, por lo que se bautiz\u00f3 la unidad como Francisca Vicencio Flores, de manera de que todos los que se atiendan en sus dependencias conozcan su historia, la cual qued\u00f3 grabada en una placa recordatoria en el frontis de la unidad.<\/p>\n<p>\u201cEsta nueva \u00e1rea cl\u00ednica de nuestro recinto tendr\u00e1 resoluci\u00f3n para atender con dos camas de UCI Pedi\u00e1trica y cuatro camas de UTI, las cuales ya est\u00e1n atendiendo los casos de gravedad que antes deb\u00edan ser derivados, por lo que ya hay familias que est\u00e1n viendo el beneficio de contar con esta UPC en nuestras dependencias\u201d, asegur\u00f3 la directora del Hospital San Camilo, Susan Porras Fern\u00e1ndez.<\/p>\n<p>Luego de esto, Paola Flores, madre de la menor, emocionada se\u00f1al\u00f3 que \u201cestamos cerrando un ciclo y estamos muy contentos pues vemos a ni\u00f1os que se est\u00e1n y seguir\u00e1n salv\u00e1ndose en Aconcagua. El coraz\u00f3n de mi hija est\u00e1 latiendo aqu\u00ed. Agradecemos a cada una de las autoridades que en su oportunidad nos escuch\u00f3. Este es un gran logro para el valle de Aconcagua\u201d.<\/p>\n<p>Por su parte, la Directora del Servicio de Salud Aconcagua, Dra. Vilma Olave, asegur\u00f3 que \u201choy estamos completando la dotaci\u00f3n de camas criticas para el valle del Aconcagua tanto en neonatos, como en\u00a0 ni\u00f1os y adultos, lo que\u00a0 nos permite dar continuidad en la atenci\u00f3n y desde ahora,\u00a0 60\u00a0 mil ni\u00f1os que viven en el Valle y que se enferman gravemente podr\u00e1n ser atendidos con calidad, oportunidad y calidez junto a su familia que es lo m\u00e1s importante, por lo que destacamos que como Servicio de Salud estamos escuchando los requerimientos de la ciudadan\u00eda\u201d.<\/p>\n<p>Finalmente, el Gobernador de la Provincia de San Felipe, Eduardo Le\u00f3n manifest\u00f3 que \u201cestamos cumpliendo un compromiso no s\u00f3lo con la familia, sino que con las m\u00e1s de 23 mil personas que firmaron apoyando esta causa, ya que esto surge de una familia que luego de a\u00f1os de esfuerzo lograron llegar a esto, lo que nos demuestra que hoy tenemos una nueva generaci\u00f3n de pol\u00edticas p\u00fablicas en donde una ciudadan\u00eda empoderada y responsable logra salir adelante y nosotros debemos escuchar y ponernos a su disposici\u00f3n\u201d.<\/p>\n","protected":false},"excerpt":{"rendered":"<p>En la inauguraci\u00f3n del nuevo servicio cl\u00ednico las autoridades junto a los padres de la menor descubrieron una placa en su homenaje En una emotiva ceremonia que tuvo como protagonistas a los padres de Francisca Vicencio Flores, las autoridades inauguraron la nueva Unidad de Cuidados Intensivos Pedi\u00e1tricos que permite entregar atenci\u00f3n a los menores que se encuentran en estado de gravedad y que antes de su puesta en marcha, deb\u00edan ser derivados a otros centros de salud en Valpara\u00edso o Santiago. Cabe recordar que la menor falleci\u00f3 en el a\u00f1o 2007 luego de ser atropellada y pasar 12 d\u00edas internada en la UCI del Hospital Carlos Van Buren en Valpara\u00edso, tras lo cual sus padres, Paola Flores y Jos\u00e9 Vicencio, comenzaron una ardua campa\u00f1a para dotar al Valle del Aconcagua de una unidad que prestara estos servicios cr\u00edticos, logrando ser escuchados por las autoridades. De esta manera, en la ceremonia, se destac\u00f3 el enorme aporte que la campa\u00f1a y el esfuerzo de los padres represent\u00f3, por lo que se bautiz\u00f3 la unidad como Francisca Vicencio Flores, de manera de que todos los que se atiendan en sus dependencias conozcan su historia, la cual qued\u00f3 grabada en una placa recordatoria en el frontis de la unidad. \u201cEsta nueva \u00e1rea cl\u00ednica de nuestro recinto tendr\u00e1 resoluci\u00f3n para atender con dos camas de UCI Pedi\u00e1trica y cuatro camas de UTI, las cuales ya est\u00e1n atendiendo los casos de gravedad que antes deb\u00edan ser derivados, por lo que ya hay familias que est\u00e1n viendo el beneficio de contar con esta UPC en nuestras dependencias\u201d, asegur\u00f3 la directora del Hospital San Camilo, Susan Porras Fern\u00e1ndez. Luego de esto, Paola Flores, madre de la menor, emocionada se\u00f1al\u00f3 que \u201cestamos cerrando un ciclo y estamos muy contentos pues vemos a ni\u00f1os que se est\u00e1n y seguir\u00e1n salv\u00e1ndose en Aconcagua. El coraz\u00f3n de mi hija est\u00e1 latiendo aqu\u00ed. Agradecemos a cada una de las autoridades que en su oportunidad nos escuch\u00f3. Este es un gran logro para el valle de Aconcagua\u201d. Por su parte, la Directora del Servicio de Salud Aconcagua, Dra. Vilma Olave, asegur\u00f3 que \u201choy estamos completando la dotaci\u00f3n de camas criticas para el valle del Aconcagua tanto en neonatos, como en\u00a0 ni\u00f1os y adultos, lo que\u00a0 nos permite dar continuidad en la atenci\u00f3n y desde ahora,\u00a0 60\u00a0 mil ni\u00f1os que viven en el Valle y que se enferman gravemente podr\u00e1n ser atendidos con calidad, oportunidad y calidez junto a su familia que es lo m\u00e1s importante, por lo que destacamos que como Servicio de Salud estamos escuchando los requerimientos de la ciudadan\u00eda\u201d. Finalmente, el Gobernador de la Provincia de San Felipe, Eduardo Le\u00f3n manifest\u00f3 que \u201cestamos cumpliendo un compromiso no s\u00f3lo con la familia, sino que con las m\u00e1s de 23 mil personas que firmaron apoyando esta causa, ya que esto surge de una familia que luego de a\u00f1os de esfuerzo lograron llegar a esto, lo que nos demuestra que hoy tenemos una nueva generaci\u00f3n de pol\u00edticas p\u00fablicas en donde una ciudadan\u00eda empoderada y responsable logra salir adelante y nosotros debemos escuchar y ponernos a su disposici\u00f3n\u201d.<\/p>\n","protected":false},"author":1,"featured_media":1659,"comment_status":"closed","ping_status":"closed","sticky":false,"template":"","format":"standard","meta":{"_joinchat":[],"footnotes":""},"categories":[9],"tags":[],"class_list":["post-1657","post","type-post","status-publish","format-standard","has-post-thumbnail","hentry","category-noticias"],"acf":[],"_links":{"self":[{"href":"https:\/\/hospitalsancamilo.cl\/sitioweb\/wp-json\/wp\/v2\/posts\/1657","targetHints":{"allow":["GET"]}}],"collection":[{"href":"https:\/\/hospitalsancamilo.cl\/sitioweb\/wp-json\/wp\/v2\/posts"}],"about":[{"href":"https:\/\/hospitalsancamilo.cl\/sitioweb\/wp-json\/wp\/v2\/types\/post"}],"author":[{"embeddable":true,"href":"https:\/\/hospitalsancamilo.cl\/sitioweb\/wp-json\/wp\/v2\/users\/1"}],"replies":[{"embeddable":true,"href":"https:\/\/hospitalsancamilo.cl\/sitioweb\/wp-json\/wp\/v2\/comments?post=1657"}],"version-history":[{"count":0,"href":"https:\/\/hospitalsancamilo.cl\/sitioweb\/wp-json\/wp\/v2\/posts\/1657\/revisions"}],"wp:featuredmedia":[{"embeddable":true,"href":"https:\/\/hospitalsancamilo.cl\/sitioweb\/wp-json\/"}],"wp:attachment":[{"href":"https:\/\/hospitalsancamilo.cl\/sitioweb\/wp-json\/wp\/v2\/media?parent=1657"}],"wp:term":[{"taxonomy":"category","embeddable":true,"href":"https:\/\/hospitalsancamilo.cl\/sitioweb\/wp-json\/wp\/v2\/categories?post=1657"},{"taxonomy":"post_tag","embeddable":true,"href":"https:\/\/hospitalsancamilo.cl\/sitioweb\/wp-json\/wp\/v2\/tags?post=1657"}],"curies":[{"name":"wp","href":"https:\/\/api.w.org\/{rel}","templated":true}]}}