{"id":16800,"date":"2023-02-27T12:43:51","date_gmt":"2023-02-27T15:43:51","guid":{"rendered":"https:\/\/hospitalsancamilo.cl\/?p=16800"},"modified":"2023-02-27T12:43:51","modified_gmt":"2023-02-27T15:43:51","slug":"servicios-de-urgencias-volvera-a-tener-una-sola-entrada-indiferenciada","status":"publish","type":"post","link":"https:\/\/hospitalsancamilo.cl\/sitioweb\/2023\/02\/27\/servicios-de-urgencias-volvera-a-tener-una-sola-entrada-indiferenciada\/","title":{"rendered":"Servicios de Urgencias volver\u00e1 a tener una sola entrada indiferenciada"},"content":{"rendered":"<p><strong>Baja considerable de casos y nuevas normas para evitar los contagios en salas comunes son las principales motivaciones<\/strong><\/p>\n<p>A partir de este mi\u00e9rcoles 01 de marzo los Servicios de Urgencias del Hospital San Camilo y San Juan de Dios de Los Andes, volver\u00e1n a tener una sola entrada para todos los pacientes que concurran a este importante servicio luego de m\u00e1s de dos a\u00f1os de contar con accesos separados para pacientes respiratorios o sospecha covid y el resto de las patolog\u00edas.<\/p>\n<p>Esta medida significa que todo volver\u00e1 a ser como funcionaba antes del coronavirus, es decir, con una sola entrada, una sala de espera y una misma recaudaci\u00f3n y admisi\u00f3n para todos los casos.<\/p>\n<p>La decisi\u00f3n fue tomada luego de una indicaci\u00f3n del Ministerio de Salud que permite estos cambios, ya que los casos covid han disminuido significativamente, adem\u00e1s que las medidas de cuidado tambi\u00e9n han cambiado, centr\u00e1ndose principalmente en el uso de mascarilla, la cual todav\u00eda es una obligaci\u00f3n dentro de los recintos hospitalarios y por lo tanto a todos quienes concurran a Urgencias.<\/p>\n<p>La doctora Carmen Mel\u00e9ndez, Subdirectora de Gesti\u00f3n Asistencial del Servicio de Salud Aconcagua, indic\u00f3 que dado el cambio en las epidemiolog\u00eda del covid y las enfermedades respiratorias el Ministerio de Salud ha decidido terminar con los flujos diferenciados para pacientes respiratorios en todo el pa\u00eds, entonces en el Valle del Aconcagua, en los dos hospitales autogestionados van a volver a sus atenciones con sus flujos como antes de la pandemia.<\/p>\n<p>\u201cEn los \u00faltimos meses el porcentaje de consulta de este tipo de patolog\u00edas baj\u00f3 a un 11%, por lo que ya no se hace necesario contar con dos urgencias y, al contrario, debemos tratar al covid como una enfermedad end\u00e9mica, tomarlo como una m\u00e1s de nuestras enfermedades estacionales como la influenza o el virus respiratorio sincicial\u201d.<\/p>\n<p>Por su parte, el Dr. Rodrigo Gonz\u00e1lez, Director del Hospital San Camilo, asegur\u00f3 que de igual manera al interior del servicio seguir\u00e1n con las medidas especiales. \u201cEste es un cambio importante en el manejo de la pandemia y da cuenta de la baja sostenida en los casos, por lo que queremos darle la tranquilidad a todos nuestros usuarios que estamos tomando todas las medidas necesarias para evitar posibles contagios y para que este retorno a la normalidad sea positivo para todos, recordando que tanto usuarios como funcionarios debemos usar mascarilla en el Hospital\u201d.<\/p>\n<p>La autoridad, indic\u00f3 que para estos fines, no se redujo el n\u00famero de funcionarios ni los espacios destinados a la atenci\u00f3n de los usuarios, de manera de aprovechar la oportunidad para comenzar a hacer cambios destinados a mejorar los tiempos de espera de todos los pacientes.<\/p>\n<p>De la misma manera, el Dr. Daniel Cifuentes, jefe de Urgencias de Hospital San Juan de Dios de Los Andes, recalc\u00f3 que ya no es necesario la diferenciaci\u00f3n. \u201cEsto es una endemia y, por lo tanto, con los resguardos necesarios para el paciente, vamos a tener flujo indiferenciado y comenzaremos con la marcha blanca esta semana para mejorar la atenci\u00f3n y los flujos desde un inicio\u201d.<\/p>\n<p>Adem\u00e1s, est\u00e1 contemplado que en caso de un nuevo aumento de los casos, se pueda r\u00e1pidamente volver a implementar las entradas indiferenciadas, separando las atenciones tal como est\u00e1n dispuestas hoy en d\u00eda, si es que es necesario.<\/p>\n<p>&nbsp;<\/p>\n<p><img fetchpriority=\"high\" decoding=\"async\" class=\"alignnone size-medium wp-image-16801\" src=\"https:\/\/hospitalsancamilo.cl\/wp-content\/uploads\/2023\/02\/IMG_0843-300x200.jpg\" alt=\"\" width=\"300\" height=\"200\" \/><\/p>\n","protected":false},"excerpt":{"rendered":"<p>Baja considerable de casos y nuevas normas para evitar los contagios en salas comunes son las principales motivaciones A partir de este mi\u00e9rcoles 01 de marzo los Servicios de Urgencias del Hospital San Camilo y San Juan de Dios de Los Andes, volver\u00e1n a tener una sola entrada para todos los pacientes que concurran a este importante servicio luego de m\u00e1s de dos a\u00f1os de contar con accesos separados para pacientes respiratorios o sospecha covid y el resto de las patolog\u00edas. Esta medida significa que todo volver\u00e1 a ser como funcionaba antes del coronavirus, es decir, con una sola entrada, una sala de espera y una misma recaudaci\u00f3n y admisi\u00f3n para todos los casos. La decisi\u00f3n fue tomada luego de una indicaci\u00f3n del Ministerio de Salud que permite estos cambios, ya que los casos covid han disminuido significativamente, adem\u00e1s que las medidas de cuidado tambi\u00e9n han cambiado, centr\u00e1ndose principalmente en el uso de mascarilla, la cual todav\u00eda es una obligaci\u00f3n dentro de los recintos hospitalarios y por lo tanto a todos quienes concurran a Urgencias. La doctora Carmen Mel\u00e9ndez, Subdirectora de Gesti\u00f3n Asistencial del Servicio de Salud Aconcagua, indic\u00f3 que dado el cambio en las epidemiolog\u00eda del covid y las enfermedades respiratorias el Ministerio de Salud ha decidido terminar con los flujos diferenciados para pacientes respiratorios en todo el pa\u00eds, entonces en el Valle del Aconcagua, en los dos hospitales autogestionados van a volver a sus atenciones con sus flujos como antes de la pandemia. \u201cEn los \u00faltimos meses el porcentaje de consulta de este tipo de patolog\u00edas baj\u00f3 a un 11%, por lo que ya no se hace necesario contar con dos urgencias y, al contrario, debemos tratar al covid como una enfermedad end\u00e9mica, tomarlo como una m\u00e1s de nuestras enfermedades estacionales como la influenza o el virus respiratorio sincicial\u201d. Por su parte, el Dr. Rodrigo Gonz\u00e1lez, Director del Hospital San Camilo, asegur\u00f3 que de igual manera al interior del servicio seguir\u00e1n con las medidas especiales. \u201cEste es un cambio importante en el manejo de la pandemia y da cuenta de la baja sostenida en los casos, por lo que queremos darle la tranquilidad a todos nuestros usuarios que estamos tomando todas las medidas necesarias para evitar posibles contagios y para que este retorno a la normalidad sea positivo para todos, recordando que tanto usuarios como funcionarios debemos usar mascarilla en el Hospital\u201d. La autoridad, indic\u00f3 que para estos fines, no se redujo el n\u00famero de funcionarios ni los espacios destinados a la atenci\u00f3n de los usuarios, de manera de aprovechar la oportunidad para comenzar a hacer cambios destinados a mejorar los tiempos de espera de todos los pacientes. De la misma manera, el Dr. Daniel Cifuentes, jefe de Urgencias de Hospital San Juan de Dios de Los Andes, recalc\u00f3 que ya no es necesario la diferenciaci\u00f3n. \u201cEsto es una endemia y, por lo tanto, con los resguardos necesarios para el paciente, vamos a tener flujo indiferenciado y comenzaremos con la marcha blanca esta semana para mejorar la atenci\u00f3n y los flujos desde un inicio\u201d. Adem\u00e1s, est\u00e1 contemplado que en caso de un nuevo aumento de los casos, se pueda r\u00e1pidamente volver a implementar las entradas indiferenciadas, separando las atenciones tal como est\u00e1n dispuestas hoy en d\u00eda, si es que es necesario. &nbsp;<\/p>\n","protected":false},"author":1,"featured_media":16801,"comment_status":"closed","ping_status":"open","sticky":false,"template":"","format":"standard","meta":{"_joinchat":[],"footnotes":""},"categories":[9],"tags":[],"class_list":["post-16800","post","type-post","status-publish","format-standard","has-post-thumbnail","hentry","category-noticias"],"acf":[],"_links":{"self":[{"href":"https:\/\/hospitalsancamilo.cl\/sitioweb\/wp-json\/wp\/v2\/posts\/16800","targetHints":{"allow":["GET"]}}],"collection":[{"href":"https:\/\/hospitalsancamilo.cl\/sitioweb\/wp-json\/wp\/v2\/posts"}],"about":[{"href":"https:\/\/hospitalsancamilo.cl\/sitioweb\/wp-json\/wp\/v2\/types\/post"}],"author":[{"embeddable":true,"href":"https:\/\/hospitalsancamilo.cl\/sitioweb\/wp-json\/wp\/v2\/users\/1"}],"replies":[{"embeddable":true,"href":"https:\/\/hospitalsancamilo.cl\/sitioweb\/wp-json\/wp\/v2\/comments?post=16800"}],"version-history":[{"count":0,"href":"https:\/\/hospitalsancamilo.cl\/sitioweb\/wp-json\/wp\/v2\/posts\/16800\/revisions"}],"wp:featuredmedia":[{"embeddable":true,"href":"https:\/\/hospitalsancamilo.cl\/sitioweb\/wp-json\/wp\/v2\/media\/16801"}],"wp:attachment":[{"href":"https:\/\/hospitalsancamilo.cl\/sitioweb\/wp-json\/wp\/v2\/media?parent=16800"}],"wp:term":[{"taxonomy":"category","embeddable":true,"href":"https:\/\/hospitalsancamilo.cl\/sitioweb\/wp-json\/wp\/v2\/categories?post=16800"},{"taxonomy":"post_tag","embeddable":true,"href":"https:\/\/hospitalsancamilo.cl\/sitioweb\/wp-json\/wp\/v2\/tags?post=16800"}],"curies":[{"name":"wp","href":"https:\/\/api.w.org\/{rel}","templated":true}]}}