{"id":1685,"date":"2016-11-04T12:19:26","date_gmt":"2016-11-04T12:19:26","guid":{"rendered":"https:\/\/hospitalsancamilo.cl\/sitio\/?p=1685"},"modified":"2016-11-04T12:19:26","modified_gmt":"2016-11-04T12:19:26","slug":"a-sus-24-anos-debieron-extirparle-las-dos-mamas-por-un-agresivo-cancer","status":"publish","type":"post","link":"https:\/\/hospitalsancamilo.cl\/sitioweb\/2016\/11\/04\/a-sus-24-anos-debieron-extirparle-las-dos-mamas-por-un-agresivo-cancer\/","title":{"rendered":"A sus 24 a\u00f1os debieron extirparle las dos mamas por un agresivo c\u00e1ncer"},"content":{"rendered":"<p><img fetchpriority=\"high\" decoding=\"async\" class=\"aligncenter size-full wp-image-1689\" src=\"https:\/\/hospitalsancamilo.cl\/wp-content\/uploads\/2016\/11\/recortada.jpg\" alt=\"recortada\" width=\"507\" height=\"449\" \/><\/p>\n<p><strong>Conozca el valiente testimonio de Valentina Villalobos y su mensaje para que todas las j\u00f3venes tomen conciencia respecto de la importancia de la prevenci\u00f3n <\/strong><\/p>\n<p>&nbsp;<\/p>\n<p>Hace siete meses, Valentina Villalobos Ruiz era feliz. Su marido, su hijo, su trabajo y su familia la llenaban plenamente y su salud era envidiable. Pero una masa del porte de un dulce le cambio la vida. A sus 24 a\u00f1os a Valentina le diagnosticaron un c\u00e1ncer de mamas que estaba avanzado por lo que hab\u00eda que actuar r\u00e1pido.<\/p>\n<p>Hace tres semanas, ya con los resultados de la biopsia, los m\u00e9dicos sentaron a Valentina y le explicaron los riesgos de una met\u00e1stasis, es decir de una propagaci\u00f3n del c\u00e1ncer por el resto del cuerpo. Eso fue un jueves. Tras esa conversaci\u00f3n y la aceptaci\u00f3n por su parte, Valentina se hospitaliz\u00f3 el martes en el Hospital San Camilo y el mi\u00e9rcoles sus dos mamas fueron extirpadas.<\/p>\n<p>La joven quiso contar su historia a modo de testimonio para que otras mujeres de su edad tengan en cuenta la importancia de la prevenci\u00f3n, el autocuidado y tambi\u00e9n para incorporar m\u00e1s ex\u00e1menes preventivos en el sistema, ya que en su caso, el haberse tomado una mamograf\u00eda por su cuenta fue crucial.<\/p>\n<p>\u201cYo llegu\u00e9 tarde al diagn\u00f3stico, antes ten\u00eda el n\u00f3dulo chiquitito en una mama y me hice el examen particular, lo que me permiti\u00f3 conocer mi diagn\u00f3stico, pero se requiere m\u00e1s conciencia especialmente en la gente joven, pues yo esper\u00e9 mucho tiempo para una mamograf\u00eda y el sistema tampoco las considera prioritarias en las j\u00f3venes\u201d.<\/p>\n<p>\u201cYo no sab\u00eda nada del c\u00e1ncer, no sab\u00eda que pod\u00eda llegar a ser tan extremo y que te saquen las dos mam\u00e1s, es muy fuerte y penoso pero tambi\u00e9n me explicaba el doctor que depend\u00eda mucho del estado de \u00e1nimo porque este afecta las defensas, todo depende de tu \u00e1nimo\u201d.<\/p>\n<p>La joven madre cuenta que una vez dentro del sistema, fue atendida por tres cirujanos, el Dr. Valenzuela, el Dr. Rossat y la Dra Retamal, quien es su m\u00e9dico tratante y quien la prepar\u00f3 y le dijo que el resultado no tra\u00eda buenas noticias, que era extra\u00f1o para su edad, pero que tambi\u00e9n pod\u00eda estar en otra parte del cuerpo. \u201cGracias adi\u00f3s no estuvo, ya en el Hospital San Camilo me tomaron un scanner completo con lo que se descart\u00f3 su presencia en otros partes\u201d, agreg\u00f3.<\/p>\n<p>\u201cLos doctores me explicaron y \u00a0les dije que si hab\u00eda que sacar, \u00a0que actuaran r\u00e1pido. Ellos me lo consultaron y lo explicaron todo, pero yo les dije que sacaran nom\u00e1s\u2026 era mi vida o mis pechugas, pues se pod\u00eda ramificar. Pese a esto, debo destacar que el hospital tambi\u00e9n se port\u00f3 s\u00faper bien, sus funcionarias fueron muy atentas y amorosas, me hac\u00edan re\u00edr, se preocupaban, me hicieron la estad\u00eda muy amena y rica, al igual que los doctores, fueron muy amorosos y alegres conmigo\u201d, asegura luego de dejar el Hospital San Camilo tras el alta m\u00e9dica.<\/p>\n<p>El largo proceso de recuperaci\u00f3n y reconstrucci\u00f3n<\/p>\n<p>Valentina cuenta que todo fue tan r\u00e1pido que no ha tenido tiempo de asimilarlo, porque su familia ha sido su apoyo, adem\u00e1s que s\u00f3lo sinti\u00f3 dolor en la mama durante las \u00faltimas semanas. \u201cDe manera muy r\u00e1pida, el tumor ya se hab\u00eda salido de la mama, la hab\u00eda deformado y me pesaba, estando siempre afiebrado\u201d.<\/p>\n<p>Ahora, tras su recuperaci\u00f3n de la cirug\u00eda, es necesario pensar en la reconstrucci\u00f3n mamaria completa, la cual, sin embargo, no podr\u00e1 ser sino dentro de dos o tres a\u00f1os, ya que hay que asegurarse de que no vuelva el c\u00e1ncer primero, para lo cual viene todo el proceso de quimioterapia y radioterapia en Valpara\u00edso.<\/p>\n<p>\u201cAhora quiero aceptarme y quererme as\u00ed. Quiero vivir el duelo porque se me fue algo importante, quiero quererme sin pechugas, estar bien, hacer mi vida normal, abrazar a mi hijo Renato, que es algo que no pude hacer porque me dol\u00eda mucho\u201d, comenta.<\/p>\n<p>Si bien el caso de Valentina es poco com\u00fan, la recomendaci\u00f3n de los expertos es no esperar hasta los 40 para hacerse el examen o pensar que esto solo les sucede a las madres o abuelas, pues existen condiciones gen\u00e9ticas y biol\u00f3gicas que pueden generar condiciones para que el c\u00e1ncer de mama aparezca en personas j\u00f3venes, por lo que el llamado es a la prevenci\u00f3n.<\/p>\n<p>\u201cQue no se dejen descuidar, pues al inicio lo m\u00edo era m\u00ednimo y no lo sent\u00eda, solo lo mostr\u00f3 la eco, pero en siete meses sali\u00f3 el tumor y me deform\u00f3 la mama, poniendo en peligro mi vida\u201d, sostiene Valentina, mientras asegura que pese a todo, ella no ve esto como un problema. \u201cEs una enfermedad que me toc\u00f3 vivir a m\u00ed, porque fui la elegida, porque soy la m\u00e1s fuerte de mi familia y s\u00f3lo tengo que sacar todo lo bueno de esto, pues lo malo no aporta nada, tengo que vivir y salir adelante, si tampoco soy la \u00fanica, hay muchas mujeres luchando contra esto y mi deseo es que muchas m\u00e1s se preocupen para que no les pase a ellas\u201d.<\/p>\n<p>La valent\u00eda de esta joven en contar su historia busca generar conciencia frente a un tema que muchas de su edad ven como algo lejano, pero su caso demuestra lo contrario. \u201cPueden haber muchas Valentinas que no saben que tiene c\u00e1ncer s\u00f3lo por no hacerse la mamograf\u00eda a tiempo\u201d.<\/p>\n","protected":false},"excerpt":{"rendered":"<p>Conozca el valiente testimonio de Valentina Villalobos y su mensaje para que todas las j\u00f3venes tomen conciencia respecto de la importancia de la prevenci\u00f3n &nbsp; Hace siete meses, Valentina Villalobos Ruiz era feliz. Su marido, su hijo, su trabajo y su familia la llenaban plenamente y su salud era envidiable. Pero una masa del porte de un dulce le cambio la vida. A sus 24 a\u00f1os a Valentina le diagnosticaron un c\u00e1ncer de mamas que estaba avanzado por lo que hab\u00eda que actuar r\u00e1pido. Hace tres semanas, ya con los resultados de la biopsia, los m\u00e9dicos sentaron a Valentina y le explicaron los riesgos de una met\u00e1stasis, es decir de una propagaci\u00f3n del c\u00e1ncer por el resto del cuerpo. Eso fue un jueves. Tras esa conversaci\u00f3n y la aceptaci\u00f3n por su parte, Valentina se hospitaliz\u00f3 el martes en el Hospital San Camilo y el mi\u00e9rcoles sus dos mamas fueron extirpadas. La joven quiso contar su historia a modo de testimonio para que otras mujeres de su edad tengan en cuenta la importancia de la prevenci\u00f3n, el autocuidado y tambi\u00e9n para incorporar m\u00e1s ex\u00e1menes preventivos en el sistema, ya que en su caso, el haberse tomado una mamograf\u00eda por su cuenta fue crucial. \u201cYo llegu\u00e9 tarde al diagn\u00f3stico, antes ten\u00eda el n\u00f3dulo chiquitito en una mama y me hice el examen particular, lo que me permiti\u00f3 conocer mi diagn\u00f3stico, pero se requiere m\u00e1s conciencia especialmente en la gente joven, pues yo esper\u00e9 mucho tiempo para una mamograf\u00eda y el sistema tampoco las considera prioritarias en las j\u00f3venes\u201d. \u201cYo no sab\u00eda nada del c\u00e1ncer, no sab\u00eda que pod\u00eda llegar a ser tan extremo y que te saquen las dos mam\u00e1s, es muy fuerte y penoso pero tambi\u00e9n me explicaba el doctor que depend\u00eda mucho del estado de \u00e1nimo porque este afecta las defensas, todo depende de tu \u00e1nimo\u201d. La joven madre cuenta que una vez dentro del sistema, fue atendida por tres cirujanos, el Dr. Valenzuela, el Dr. Rossat y la Dra Retamal, quien es su m\u00e9dico tratante y quien la prepar\u00f3 y le dijo que el resultado no tra\u00eda buenas noticias, que era extra\u00f1o para su edad, pero que tambi\u00e9n pod\u00eda estar en otra parte del cuerpo. \u201cGracias adi\u00f3s no estuvo, ya en el Hospital San Camilo me tomaron un scanner completo con lo que se descart\u00f3 su presencia en otros partes\u201d, agreg\u00f3. \u201cLos doctores me explicaron y \u00a0les dije que si hab\u00eda que sacar, \u00a0que actuaran r\u00e1pido. Ellos me lo consultaron y lo explicaron todo, pero yo les dije que sacaran nom\u00e1s\u2026 era mi vida o mis pechugas, pues se pod\u00eda ramificar. Pese a esto, debo destacar que el hospital tambi\u00e9n se port\u00f3 s\u00faper bien, sus funcionarias fueron muy atentas y amorosas, me hac\u00edan re\u00edr, se preocupaban, me hicieron la estad\u00eda muy amena y rica, al igual que los doctores, fueron muy amorosos y alegres conmigo\u201d, asegura luego de dejar el Hospital San Camilo tras el alta m\u00e9dica. El largo proceso de recuperaci\u00f3n y reconstrucci\u00f3n Valentina cuenta que todo fue tan r\u00e1pido que no ha tenido tiempo de asimilarlo, porque su familia ha sido su apoyo, adem\u00e1s que s\u00f3lo sinti\u00f3 dolor en la mama durante las \u00faltimas semanas. \u201cDe manera muy r\u00e1pida, el tumor ya se hab\u00eda salido de la mama, la hab\u00eda deformado y me pesaba, estando siempre afiebrado\u201d. Ahora, tras su recuperaci\u00f3n de la cirug\u00eda, es necesario pensar en la reconstrucci\u00f3n mamaria completa, la cual, sin embargo, no podr\u00e1 ser sino dentro de dos o tres a\u00f1os, ya que hay que asegurarse de que no vuelva el c\u00e1ncer primero, para lo cual viene todo el proceso de quimioterapia y radioterapia en Valpara\u00edso. \u201cAhora quiero aceptarme y quererme as\u00ed. Quiero vivir el duelo porque se me fue algo importante, quiero quererme sin pechugas, estar bien, hacer mi vida normal, abrazar a mi hijo Renato, que es algo que no pude hacer porque me dol\u00eda mucho\u201d, comenta. Si bien el caso de Valentina es poco com\u00fan, la recomendaci\u00f3n de los expertos es no esperar hasta los 40 para hacerse el examen o pensar que esto solo les sucede a las madres o abuelas, pues existen condiciones gen\u00e9ticas y biol\u00f3gicas que pueden generar condiciones para que el c\u00e1ncer de mama aparezca en personas j\u00f3venes, por lo que el llamado es a la prevenci\u00f3n. \u201cQue no se dejen descuidar, pues al inicio lo m\u00edo era m\u00ednimo y no lo sent\u00eda, solo lo mostr\u00f3 la eco, pero en siete meses sali\u00f3 el tumor y me deform\u00f3 la mama, poniendo en peligro mi vida\u201d, sostiene Valentina, mientras asegura que pese a todo, ella no ve esto como un problema. \u201cEs una enfermedad que me toc\u00f3 vivir a m\u00ed, porque fui la elegida, porque soy la m\u00e1s fuerte de mi familia y s\u00f3lo tengo que sacar todo lo bueno de esto, pues lo malo no aporta nada, tengo que vivir y salir adelante, si tampoco soy la \u00fanica, hay muchas mujeres luchando contra esto y mi deseo es que muchas m\u00e1s se preocupen para que no les pase a ellas\u201d. La valent\u00eda de esta joven en contar su historia busca generar conciencia frente a un tema que muchas de su edad ven como algo lejano, pero su caso demuestra lo contrario. \u201cPueden haber muchas Valentinas que no saben que tiene c\u00e1ncer s\u00f3lo por no hacerse la mamograf\u00eda a tiempo\u201d.<\/p>\n","protected":false},"author":1,"featured_media":1689,"comment_status":"closed","ping_status":"closed","sticky":false,"template":"","format":"standard","meta":{"_joinchat":[],"footnotes":""},"categories":[9],"tags":[],"class_list":["post-1685","post","type-post","status-publish","format-standard","has-post-thumbnail","hentry","category-noticias"],"acf":[],"_links":{"self":[{"href":"https:\/\/hospitalsancamilo.cl\/sitioweb\/wp-json\/wp\/v2\/posts\/1685","targetHints":{"allow":["GET"]}}],"collection":[{"href":"https:\/\/hospitalsancamilo.cl\/sitioweb\/wp-json\/wp\/v2\/posts"}],"about":[{"href":"https:\/\/hospitalsancamilo.cl\/sitioweb\/wp-json\/wp\/v2\/types\/post"}],"author":[{"embeddable":true,"href":"https:\/\/hospitalsancamilo.cl\/sitioweb\/wp-json\/wp\/v2\/users\/1"}],"replies":[{"embeddable":true,"href":"https:\/\/hospitalsancamilo.cl\/sitioweb\/wp-json\/wp\/v2\/comments?post=1685"}],"version-history":[{"count":0,"href":"https:\/\/hospitalsancamilo.cl\/sitioweb\/wp-json\/wp\/v2\/posts\/1685\/revisions"}],"wp:featuredmedia":[{"embeddable":true,"href":"https:\/\/hospitalsancamilo.cl\/sitioweb\/wp-json\/"}],"wp:attachment":[{"href":"https:\/\/hospitalsancamilo.cl\/sitioweb\/wp-json\/wp\/v2\/media?parent=1685"}],"wp:term":[{"taxonomy":"category","embeddable":true,"href":"https:\/\/hospitalsancamilo.cl\/sitioweb\/wp-json\/wp\/v2\/categories?post=1685"},{"taxonomy":"post_tag","embeddable":true,"href":"https:\/\/hospitalsancamilo.cl\/sitioweb\/wp-json\/wp\/v2\/tags?post=1685"}],"curies":[{"name":"wp","href":"https:\/\/api.w.org\/{rel}","templated":true}]}}