{"id":17217,"date":"2023-09-15T19:37:35","date_gmt":"2023-09-15T22:37:35","guid":{"rendered":"https:\/\/hospitalsancamilo.cl\/?p=17217"},"modified":"2023-09-15T19:37:35","modified_gmt":"2023-09-15T22:37:35","slug":"historico-hospital-san-camilo-inaugura-guarderia-nocturna-unica-a-nivel-regional","status":"publish","type":"post","link":"https:\/\/hospitalsancamilo.cl\/sitioweb\/2023\/09\/15\/historico-hospital-san-camilo-inaugura-guarderia-nocturna-unica-a-nivel-regional\/","title":{"rendered":"\u00a1Hist\u00f3rico! Hospital San Camilo inaugura guarder\u00eda nocturna \u00fanica a nivel regional"},"content":{"rendered":"<p><img fetchpriority=\"high\" decoding=\"async\" src=\"https:\/\/hospitalsancamilo.cl\/sitioweb\/wp-content\/uploads\/2023\/09\/20230915_091124-300x169.jpg\" alt=\"\" width=\"300\" height=\"169\" class=\"alignnone size-medium wp-image-17220\" srcset=\"https:\/\/hospitalsancamilo.cl\/sitioweb\/wp-content\/uploads\/2023\/09\/20230915_091124-300x169.jpg 300w, https:\/\/hospitalsancamilo.cl\/sitioweb\/wp-content\/uploads\/2023\/09\/20230915_091124-1024x577.jpg 1024w, https:\/\/hospitalsancamilo.cl\/sitioweb\/wp-content\/uploads\/2023\/09\/20230915_091124-768x433.jpg 768w, https:\/\/hospitalsancamilo.cl\/sitioweb\/wp-content\/uploads\/2023\/09\/20230915_091124.jpg 1200w\" sizes=\"(max-width: 300px) 100vw, 300px\" \/><br \/>\nIniciativa ya est\u00e1 beneficiando a sus trabajadoras<br \/>\nUn verdadero avance en materia de calidad de vida laboral para sus funcionarios acaba de inaugurar el Hospital San Camilo al dar el vamos oficial al nuevo servicio de Guarder\u00eda Nocturna, el cual funciona en el Jard\u00edn Infantil todas las noches de lunes a domingo.<br \/>\nEste nuevo logro se transforma en un hito dentro del \u00e1mbito de la salud y el sistema p\u00fablico al ser el pionero a nivel local y regional en contar con este sistema, aumentando los beneficios que buscan hacer de este centro de salud, un buen lugar para trabajar.<br \/>\n\u201cEstamos muy orgullosos de contar de manera pionera en el sistema de salud con esta guarder\u00eda nocturna que permite que nuestras funcionarias puedan acudir a sus turnos de noche con sus beb\u00e9s y dejarlos al cuidado de manos expertas y responsables, lo que sin duda facilita su trabajo, y por ende, permite que trabaje tranquila y de mejor forma para el usuario, disminuyendo la sensaci\u00f3n de doble presencia que tanto afecta a trabajadores de cualquier \u00e1mbito\u201d, se\u00f1al\u00f3 el Director del establecimiento, Dr. Rodrigo Gonz\u00e1lez Escobar.<br \/>\nEn concreto, el beneficio consiste en asegurar un cupo para los menores de dos a\u00f1os hijos de funcionarias que trabajando en turno, no tienen redes de apoyo para cuidar a sus hijos en las noches. Para lo anterior, el San Camilo contrat\u00f3 a cuatro t\u00e9cnicos en p\u00e1rvulos, quienes se desempe\u00f1an en duplas para as\u00ed cubrir toda la semana. Actualmente existen cuatro cunas que permiten que esto se pueda desarrollar sin problemas.<br \/>\nDada la relevancia del hito, a la ceremonia asisti\u00f3 la diputada Francisca Bello, quien destac\u00f3 lo positivo de la noticia al ser un ejemplo para  todo el servicio p\u00fablico y tambi\u00e9n el privado en el \u00e1mbito de pol\u00edticas de conciliaci\u00f3n de la vida personal con la laboral, demostrando que con liderazgo y visi\u00f3n se logra mejorar las condiciones de los trabajadores. <\/p>\n","protected":false},"excerpt":{"rendered":"<p>Iniciativa ya est\u00e1 beneficiando a sus trabajadoras Un verdadero avance en materia de calidad de vida laboral para sus funcionarios acaba de inaugurar el Hospital San Camilo al dar el vamos oficial al nuevo servicio de Guarder\u00eda Nocturna, el cual funciona en el Jard\u00edn Infantil todas las noches de lunes a domingo. Este nuevo logro se transforma en un hito dentro del \u00e1mbito de la salud y el sistema p\u00fablico al ser el pionero a nivel local y regional en contar con este sistema, aumentando los beneficios que buscan hacer de este centro de salud, un buen lugar para trabajar. \u201cEstamos muy orgullosos de contar de manera pionera en el sistema de salud con esta guarder\u00eda nocturna que permite que nuestras funcionarias puedan acudir a sus turnos de noche con sus beb\u00e9s y dejarlos al cuidado de manos expertas y responsables, lo que sin duda facilita su trabajo, y por ende, permite que trabaje tranquila y de mejor forma para el usuario, disminuyendo la sensaci\u00f3n de doble presencia que tanto afecta a trabajadores de cualquier \u00e1mbito\u201d, se\u00f1al\u00f3 el Director del establecimiento, Dr. Rodrigo Gonz\u00e1lez Escobar. En concreto, el beneficio consiste en asegurar un cupo para los menores de dos a\u00f1os hijos de funcionarias que trabajando en turno, no tienen redes de apoyo para cuidar a sus hijos en las noches. Para lo anterior, el San Camilo contrat\u00f3 a cuatro t\u00e9cnicos en p\u00e1rvulos, quienes se desempe\u00f1an en duplas para as\u00ed cubrir toda la semana. Actualmente existen cuatro cunas que permiten que esto se pueda desarrollar sin problemas. Dada la relevancia del hito, a la ceremonia asisti\u00f3 la diputada Francisca Bello, quien destac\u00f3 lo positivo de la noticia al ser un ejemplo para todo el servicio p\u00fablico y tambi\u00e9n el privado en el \u00e1mbito de pol\u00edticas de conciliaci\u00f3n de la vida personal con la laboral, demostrando que con liderazgo y visi\u00f3n se logra mejorar las condiciones de los trabajadores.<\/p>\n","protected":false},"author":1,"featured_media":17220,"comment_status":"closed","ping_status":"open","sticky":false,"template":"","format":"standard","meta":{"_joinchat":[],"footnotes":""},"categories":[9],"tags":[],"class_list":["post-17217","post","type-post","status-publish","format-standard","has-post-thumbnail","hentry","category-noticias"],"acf":[],"_links":{"self":[{"href":"https:\/\/hospitalsancamilo.cl\/sitioweb\/wp-json\/wp\/v2\/posts\/17217","targetHints":{"allow":["GET"]}}],"collection":[{"href":"https:\/\/hospitalsancamilo.cl\/sitioweb\/wp-json\/wp\/v2\/posts"}],"about":[{"href":"https:\/\/hospitalsancamilo.cl\/sitioweb\/wp-json\/wp\/v2\/types\/post"}],"author":[{"embeddable":true,"href":"https:\/\/hospitalsancamilo.cl\/sitioweb\/wp-json\/wp\/v2\/users\/1"}],"replies":[{"embeddable":true,"href":"https:\/\/hospitalsancamilo.cl\/sitioweb\/wp-json\/wp\/v2\/comments?post=17217"}],"version-history":[{"count":0,"href":"https:\/\/hospitalsancamilo.cl\/sitioweb\/wp-json\/wp\/v2\/posts\/17217\/revisions"}],"wp:featuredmedia":[{"embeddable":true,"href":"https:\/\/hospitalsancamilo.cl\/sitioweb\/wp-json\/wp\/v2\/media\/17220"}],"wp:attachment":[{"href":"https:\/\/hospitalsancamilo.cl\/sitioweb\/wp-json\/wp\/v2\/media?parent=17217"}],"wp:term":[{"taxonomy":"category","embeddable":true,"href":"https:\/\/hospitalsancamilo.cl\/sitioweb\/wp-json\/wp\/v2\/categories?post=17217"},{"taxonomy":"post_tag","embeddable":true,"href":"https:\/\/hospitalsancamilo.cl\/sitioweb\/wp-json\/wp\/v2\/tags?post=17217"}],"curies":[{"name":"wp","href":"https:\/\/api.w.org\/{rel}","templated":true}]}}