{"id":17399,"date":"2023-11-21T18:36:56","date_gmt":"2023-11-21T21:36:56","guid":{"rendered":"https:\/\/hospitalsancamilo.cl\/?p=17399"},"modified":"2023-11-21T18:36:56","modified_gmt":"2023-11-21T21:36:56","slug":"neonatologia-celebro-a-lo-grande-el-dia-internacional-del-prematuro","status":"publish","type":"post","link":"https:\/\/hospitalsancamilo.cl\/sitioweb\/2023\/11\/21\/neonatologia-celebro-a-lo-grande-el-dia-internacional-del-prematuro\/","title":{"rendered":"Neonatolog\u00eda celebr\u00f3 a lo grande el D\u00eda Internacional del Prematuro"},"content":{"rendered":"<p><img fetchpriority=\"high\" decoding=\"async\" src=\"https:\/\/hospitalsancamilo.cl\/sitioweb\/wp-content\/uploads\/2023\/11\/20231117_154135-300x169.jpg\" alt=\"\" width=\"300\" height=\"169\" class=\"alignnone size-medium wp-image-17400\" srcset=\"https:\/\/hospitalsancamilo.cl\/sitioweb\/wp-content\/uploads\/2023\/11\/20231117_154135-300x169.jpg 300w, https:\/\/hospitalsancamilo.cl\/sitioweb\/wp-content\/uploads\/2023\/11\/20231117_154135-1024x577.jpg 1024w, https:\/\/hospitalsancamilo.cl\/sitioweb\/wp-content\/uploads\/2023\/11\/20231117_154135-768x433.jpg 768w, https:\/\/hospitalsancamilo.cl\/sitioweb\/wp-content\/uploads\/2023\/11\/20231117_154135.jpg 1200w\" sizes=\"(max-width: 300px) 100vw, 300px\" \/><br \/>\nFiesta en grande para sus pacientes egresados retorn\u00f3 tras la pandemia<br \/>\nMuy contentos se encuentran en la Neonatolog\u00eda del Hospital San Camilo luego de poder volver a organizar la tradicional Fiesta del Prematuro, actividad enmarcada en el d\u00eda internacional de esta patolog\u00eda y que por la pandemia se hab\u00eda suspendido, pese a que se realizaba desde hace 22 a\u00f1os.<br \/>\nDe esta manera, aprovechando la multicancha del establecimiento, organizaron una verdadera fiesta con juegos inflables, cabina de fotos, pintacaritas, zona de pintura, taca-taca y muchas m\u00e1s sorpresas y regalos. Todo con la finalidad de reunir a quienes han egresado de este importante servicio y as\u00ed demostrar que con los cuidados correspondientes, un menor prematuro tiene las mismas posibilidades de crecimiento que cualquier otro.<br \/>\n\u201cHacer visible la prematurez es una cosa muy importante porque es un problema de salud p\u00fablica que va en aumento en el mundo y en nuestro pa\u00eds tambi\u00e9n, a pesar de que las tasas de natalidad van bajando, las tasas de prematurez van aumentado y ser prematuro no es gratuito, porque requiere un seguimiento extenso y muchos cuidados, sobre todo en el inicio\u201d, asegur\u00f3 la Dra. Paulina Moncada Encargada de seguimientos de prematuros del SSA.<br \/>\nEn efecto, los ni\u00f1os prematuros pasan largo tiempo en las unidades de Neonatolog\u00eda antes de ser dados de alta y, cuando egresan, algunos de ellos contin\u00faan con problemas y por eso existe seguimiento de hasta 10 a\u00f1os. \u201cPor lo mismo, son pacientes muy queridos por nosotros y en esta instancia, doctores, matronas y Tens de la Neonatolog\u00eda vuelven a verlos, lo que es motivo de orgullo y emoci\u00f3n ya que ahora los vemos felices con sus familias, que es donde siempre debieron haber estado\u201d, agreg\u00f3 la facultativa.<\/p>\n","protected":false},"excerpt":{"rendered":"<p>Fiesta en grande para sus pacientes egresados retorn\u00f3 tras la pandemia Muy contentos se encuentran en la Neonatolog\u00eda del Hospital San Camilo luego de poder volver a organizar la tradicional Fiesta del Prematuro, actividad enmarcada en el d\u00eda internacional de esta patolog\u00eda y que por la pandemia se hab\u00eda suspendido, pese a que se realizaba desde hace 22 a\u00f1os. De esta manera, aprovechando la multicancha del establecimiento, organizaron una verdadera fiesta con juegos inflables, cabina de fotos, pintacaritas, zona de pintura, taca-taca y muchas m\u00e1s sorpresas y regalos. Todo con la finalidad de reunir a quienes han egresado de este importante servicio y as\u00ed demostrar que con los cuidados correspondientes, un menor prematuro tiene las mismas posibilidades de crecimiento que cualquier otro. \u201cHacer visible la prematurez es una cosa muy importante porque es un problema de salud p\u00fablica que va en aumento en el mundo y en nuestro pa\u00eds tambi\u00e9n, a pesar de que las tasas de natalidad van bajando, las tasas de prematurez van aumentado y ser prematuro no es gratuito, porque requiere un seguimiento extenso y muchos cuidados, sobre todo en el inicio\u201d, asegur\u00f3 la Dra. Paulina Moncada Encargada de seguimientos de prematuros del SSA. En efecto, los ni\u00f1os prematuros pasan largo tiempo en las unidades de Neonatolog\u00eda antes de ser dados de alta y, cuando egresan, algunos de ellos contin\u00faan con problemas y por eso existe seguimiento de hasta 10 a\u00f1os. \u201cPor lo mismo, son pacientes muy queridos por nosotros y en esta instancia, doctores, matronas y Tens de la Neonatolog\u00eda vuelven a verlos, lo que es motivo de orgullo y emoci\u00f3n ya que ahora los vemos felices con sus familias, que es donde siempre debieron haber estado\u201d, agreg\u00f3 la facultativa.<\/p>\n","protected":false},"author":1,"featured_media":17400,"comment_status":"closed","ping_status":"open","sticky":false,"template":"","format":"standard","meta":{"_joinchat":[],"footnotes":""},"categories":[9],"tags":[],"class_list":["post-17399","post","type-post","status-publish","format-standard","has-post-thumbnail","hentry","category-noticias"],"acf":[],"_links":{"self":[{"href":"https:\/\/hospitalsancamilo.cl\/sitioweb\/wp-json\/wp\/v2\/posts\/17399","targetHints":{"allow":["GET"]}}],"collection":[{"href":"https:\/\/hospitalsancamilo.cl\/sitioweb\/wp-json\/wp\/v2\/posts"}],"about":[{"href":"https:\/\/hospitalsancamilo.cl\/sitioweb\/wp-json\/wp\/v2\/types\/post"}],"author":[{"embeddable":true,"href":"https:\/\/hospitalsancamilo.cl\/sitioweb\/wp-json\/wp\/v2\/users\/1"}],"replies":[{"embeddable":true,"href":"https:\/\/hospitalsancamilo.cl\/sitioweb\/wp-json\/wp\/v2\/comments?post=17399"}],"version-history":[{"count":0,"href":"https:\/\/hospitalsancamilo.cl\/sitioweb\/wp-json\/wp\/v2\/posts\/17399\/revisions"}],"wp:featuredmedia":[{"embeddable":true,"href":"https:\/\/hospitalsancamilo.cl\/sitioweb\/wp-json\/wp\/v2\/media\/17400"}],"wp:attachment":[{"href":"https:\/\/hospitalsancamilo.cl\/sitioweb\/wp-json\/wp\/v2\/media?parent=17399"}],"wp:term":[{"taxonomy":"category","embeddable":true,"href":"https:\/\/hospitalsancamilo.cl\/sitioweb\/wp-json\/wp\/v2\/categories?post=17399"},{"taxonomy":"post_tag","embeddable":true,"href":"https:\/\/hospitalsancamilo.cl\/sitioweb\/wp-json\/wp\/v2\/tags?post=17399"}],"curies":[{"name":"wp","href":"https:\/\/api.w.org\/{rel}","templated":true}]}}