{"id":18256,"date":"2024-07-22T10:39:13","date_gmt":"2024-07-22T13:39:13","guid":{"rendered":"https:\/\/hospitalsancamilo.cl\/?p=18256"},"modified":"2025-08-08T16:40:44","modified_gmt":"2025-08-08T16:40:44","slug":"unidad-de-memoria-del-hospital-san-camilo-cumplio-tres-anos-reconociendo-el-aporte-del-dr-gonzalo-guajardo","status":"publish","type":"post","link":"https:\/\/hospitalsancamilo.cl\/sitioweb\/2024\/07\/22\/unidad-de-memoria-del-hospital-san-camilo-cumplio-tres-anos-reconociendo-el-aporte-del-dr-gonzalo-guajardo\/","title":{"rendered":"Unidad de Memoria del Hospital San Camilo cumpli\u00f3 tres a\u00f1os reconociendo el aporte del Dr. Gonzalo Guajardo"},"content":{"rendered":"<p><img fetchpriority=\"high\" decoding=\"async\" class=\"alignnone size-medium wp-image-18257\" src=\"https:\/\/hospitalsancamilo.cl\/sitioweb\/wp-content\/uploads\/2024\/07\/IMG_4858-300x200.jpg\" alt=\"\" width=\"300\" height=\"200\" srcset=\"https:\/\/hospitalsancamilo.cl\/sitioweb\/wp-content\/uploads\/2024\/07\/IMG_4858-300x200.jpg 300w, https:\/\/hospitalsancamilo.cl\/sitioweb\/wp-content\/uploads\/2024\/07\/IMG_4858-1024x683.jpg 1024w, https:\/\/hospitalsancamilo.cl\/sitioweb\/wp-content\/uploads\/2024\/07\/IMG_4858-768x512.jpg 768w, https:\/\/hospitalsancamilo.cl\/sitioweb\/wp-content\/uploads\/2024\/07\/IMG_4858.jpg 1200w\" sizes=\"(max-width: 300px) 100vw, 300px\" \/> <img decoding=\"async\" class=\"alignnone size-medium wp-image-18258\" src=\"https:\/\/hospitalsancamilo.cl\/sitioweb\/wp-content\/uploads\/2024\/07\/IMG_4889-300x200.jpg\" alt=\"\" width=\"300\" height=\"200\" srcset=\"https:\/\/hospitalsancamilo.cl\/sitioweb\/wp-content\/uploads\/2024\/07\/IMG_4889-300x200.jpg 300w, https:\/\/hospitalsancamilo.cl\/sitioweb\/wp-content\/uploads\/2024\/07\/IMG_4889-1024x683.jpg 1024w, https:\/\/hospitalsancamilo.cl\/sitioweb\/wp-content\/uploads\/2024\/07\/IMG_4889-768x512.jpg 768w, https:\/\/hospitalsancamilo.cl\/sitioweb\/wp-content\/uploads\/2024\/07\/IMG_4889.jpg 1200w\" sizes=\"(max-width: 300px) 100vw, 300px\" \/><\/p>\n<p><strong>En la ceremonia inauguraron una placa con el nombre del destacado neur\u00f3logo<\/strong><\/p>\n<p>&nbsp;<\/p>\n<p>Creada en julio del 2021, la Unidad de Memoria celebr\u00f3 su tercer aniversario homenajeando a quien fuera parte importante de su quehacer, el Dr. Gonzalo Guajardo Carracedo, cuyo nombre desde ahora permanecer\u00e1 en una placa estrenada en la ceremonia realizada para conmemorar tan importante fecha.<\/p>\n<p>En la oportunidad, se destac\u00f3 todo el trabajo realizado en estos tres a\u00f1os desde la gestaci\u00f3n de la Unidad, la que fue descrita por uno de sus fundadores, el Dr. Arturo Mart\u00ednez, para luego contextualizar acerca de la enfermedad de la demencia, a cargo del Dr. Sergio Legua, actual jefe del equipo. Posteriormente, Carla Mu\u00f1oz, psic\u00f3loga parte del equipo multidisciplinario expuso acerca de las prestaciones que brinda la unidad, como la evaluaci\u00f3n diferencial, tratamiento de alta complejidad de personas con demencia y sus cuidadores o familia, adem\u00e1s de las visitas domiciliarias integrales de evaluaci\u00f3n y control, entre otras funciones y talleres que han beneficiado a m\u00e1s de 440 usuarios y sus familias.<\/p>\n<p>La ceremonia tuvo su punto c\u00falmine con una emotiva presentaci\u00f3n con im\u00e1genes del Dr. Gonzalo Guajardo, la cual dio pie para el posterior descubrimiento de la placa que lleva su nombre y que desde ahora ser\u00e1 el sello de la Unidad, todo acompa\u00f1ado de su se\u00f1ora y sus tres hijas.<\/p>\n<p>Fue el propio Director del establecimiento, Dr. Rodrigo Gonz\u00e1lez Escobar quien destac\u00f3 al cierre que este nuevo sello permite unir la alta calidad t\u00e9cnica del equipo, con el trato humano y cercano que entregan y que destac\u00f3 en el Dr. Guajardo, por lo que su nombre es el sello ideal que conjuga estos aspectos como pilares fundamentales que debe tener nuestra atenci\u00f3n a los usuarios.<\/p>\n<p>\u201cEstamos orgullosos de celebrar este tercer aniversario, no solo porque destacamos la obra del Dr. Guajardo, sino que tambi\u00e9n porque esta unidad se ha consolidado como un referente de ayuda a todas las personas que son diagnosticadas con demencia y sus familias, a quienes tambi\u00e9n buscamos ayudar en todo el proceso, logrando apoyar a cientos de personas gracias a un equipo multidisciplinario que aborda las diversas aristas que genera una enfermedad de este tipo\u201d, asegur\u00f3 la autoridad.<\/p>\n<p>&nbsp;<\/p>\n","protected":false},"excerpt":{"rendered":"<p>En la ceremonia inauguraron una placa con el nombre del destacado neur\u00f3logo &nbsp; Creada en julio del 2021, la Unidad de Memoria celebr\u00f3 su tercer aniversario homenajeando a quien fuera parte importante de su quehacer, el Dr. Gonzalo Guajardo Carracedo, cuyo nombre desde ahora permanecer\u00e1 en una placa estrenada en la ceremonia realizada para conmemorar tan importante fecha. En la oportunidad, se destac\u00f3 todo el trabajo realizado en estos tres a\u00f1os desde la gestaci\u00f3n de la Unidad, la que fue descrita por uno de sus fundadores, el Dr. Arturo Mart\u00ednez, para luego contextualizar acerca de la enfermedad de la demencia, a cargo del Dr. Sergio Legua, actual jefe del equipo. Posteriormente, Carla Mu\u00f1oz, psic\u00f3loga parte del equipo multidisciplinario expuso acerca de las prestaciones que brinda la unidad, como la evaluaci\u00f3n diferencial, tratamiento de alta complejidad de personas con demencia y sus cuidadores o familia, adem\u00e1s de las visitas domiciliarias integrales de evaluaci\u00f3n y control, entre otras funciones y talleres que han beneficiado a m\u00e1s de 440 usuarios y sus familias. La ceremonia tuvo su punto c\u00falmine con una emotiva presentaci\u00f3n con im\u00e1genes del Dr. Gonzalo Guajardo, la cual dio pie para el posterior descubrimiento de la placa que lleva su nombre y que desde ahora ser\u00e1 el sello de la Unidad, todo acompa\u00f1ado de su se\u00f1ora y sus tres hijas. Fue el propio Director del establecimiento, Dr. Rodrigo Gonz\u00e1lez Escobar quien destac\u00f3 al cierre que este nuevo sello permite unir la alta calidad t\u00e9cnica del equipo, con el trato humano y cercano que entregan y que destac\u00f3 en el Dr. Guajardo, por lo que su nombre es el sello ideal que conjuga estos aspectos como pilares fundamentales que debe tener nuestra atenci\u00f3n a los usuarios. \u201cEstamos orgullosos de celebrar este tercer aniversario, no solo porque destacamos la obra del Dr. Guajardo, sino que tambi\u00e9n porque esta unidad se ha consolidado como un referente de ayuda a todas las personas que son diagnosticadas con demencia y sus familias, a quienes tambi\u00e9n buscamos ayudar en todo el proceso, logrando apoyar a cientos de personas gracias a un equipo multidisciplinario que aborda las diversas aristas que genera una enfermedad de este tipo\u201d, asegur\u00f3 la autoridad. &nbsp;<\/p>\n","protected":false},"author":1,"featured_media":18257,"comment_status":"closed","ping_status":"closed","sticky":false,"template":"","format":"standard","meta":{"_joinchat":[],"footnotes":""},"categories":[9],"tags":[],"class_list":["post-18256","post","type-post","status-publish","format-standard","has-post-thumbnail","hentry","category-noticias"],"acf":[],"_links":{"self":[{"href":"https:\/\/hospitalsancamilo.cl\/sitioweb\/wp-json\/wp\/v2\/posts\/18256","targetHints":{"allow":["GET"]}}],"collection":[{"href":"https:\/\/hospitalsancamilo.cl\/sitioweb\/wp-json\/wp\/v2\/posts"}],"about":[{"href":"https:\/\/hospitalsancamilo.cl\/sitioweb\/wp-json\/wp\/v2\/types\/post"}],"author":[{"embeddable":true,"href":"https:\/\/hospitalsancamilo.cl\/sitioweb\/wp-json\/wp\/v2\/users\/1"}],"replies":[{"embeddable":true,"href":"https:\/\/hospitalsancamilo.cl\/sitioweb\/wp-json\/wp\/v2\/comments?post=18256"}],"version-history":[{"count":1,"href":"https:\/\/hospitalsancamilo.cl\/sitioweb\/wp-json\/wp\/v2\/posts\/18256\/revisions"}],"predecessor-version":[{"id":18828,"href":"https:\/\/hospitalsancamilo.cl\/sitioweb\/wp-json\/wp\/v2\/posts\/18256\/revisions\/18828"}],"wp:featuredmedia":[{"embeddable":true,"href":"https:\/\/hospitalsancamilo.cl\/sitioweb\/wp-json\/wp\/v2\/media\/18257"}],"wp:attachment":[{"href":"https:\/\/hospitalsancamilo.cl\/sitioweb\/wp-json\/wp\/v2\/media?parent=18256"}],"wp:term":[{"taxonomy":"category","embeddable":true,"href":"https:\/\/hospitalsancamilo.cl\/sitioweb\/wp-json\/wp\/v2\/categories?post=18256"},{"taxonomy":"post_tag","embeddable":true,"href":"https:\/\/hospitalsancamilo.cl\/sitioweb\/wp-json\/wp\/v2\/tags?post=18256"}],"curies":[{"name":"wp","href":"https:\/\/api.w.org\/{rel}","templated":true}]}}