{"id":1832,"date":"2017-06-27T23:49:18","date_gmt":"2017-06-27T23:49:18","guid":{"rendered":"https:\/\/hospitalsancamilo.cl\/sitio\/?p=1832"},"modified":"2017-06-27T23:49:18","modified_gmt":"2017-06-27T23:49:18","slug":"usuarios-obstaculizan-a-personal-de-urgencias-mientras-reanimaban-a-paciente-en-paro-cardiorespiratorio","status":"publish","type":"post","link":"https:\/\/hospitalsancamilo.cl\/sitioweb\/2017\/06\/27\/usuarios-obstaculizan-a-personal-de-urgencias-mientras-reanimaban-a-paciente-en-paro-cardiorespiratorio\/","title":{"rendered":"Usuarios obstaculizan  a personal de Urgencias mientras reanimaban a paciente en paro cardiorespiratorio"},"content":{"rendered":"<p><img fetchpriority=\"high\" decoding=\"async\" class=\"aligncenter size-large wp-image-1833\" src=\"https:\/\/hospitalsancamilo.cl\/wp-content\/uploads\/2017\/06\/URGENCIAS-1024x466.jpg\" alt=\"\" width=\"720\" height=\"328\" \/><\/p>\n<p>Hombre de 52 a\u00f1os acababa de llegar y se desplom\u00f3 mientras daba sus datos tras lo cual las personas comenzaron a grabar y a insultar al personal que sali\u00f3 a atenderlo pese a las peticiones de la hija del afectado para que los dejaran trabajar<\/p>\n<p>&nbsp;<\/p>\n<p>Una grave denuncia y a la vez un llamado a la cordura de los usuarios que concurren al Servicio de Urgencias del Hospital San Camilo se encuentra realizando la Direcci\u00f3n del establecimiento luego de que este martes el personal cl\u00ednico que se encontraba atendiendo su turno, fuera agredido y obstaculizado para realizar sus funciones tras un incidente en donde un usuario que acababa de llegar se desplom\u00f3 mientras entregaba sus datos en admisi\u00f3n.<\/p>\n<p>El incidente ocurri\u00f3 a las 16:07 hrs\u00a0 cuando un hombre de 52 a\u00f1os lleg\u00f3 al servicio caminando acompa\u00f1ado de su hija y quien tras entregar sus datos y el motivo de la consulta se desplom\u00f3 sorpresivamente, siendo atendido por los funcionarios que determinaron que no era un desmayo sino que un paro cardiorespiratorio y por lo tanto comenzaron de inmediato las maniobras de reanimaci\u00f3n.<\/p>\n<p>Lo inusual y lamentable es que durante estas maniobras, las personas que estaban en la sala en vez de ayudar y permitir que el personal hiciera su trabajo, en todo momento estuvieron encima de la escena obstaculizando las maniobras y grabando todo en sus celulares, a pesar de las objeciones de la hija del afectado, a quien sencillamente no le hicieron caso.<\/p>\n<p>\u201cLa gente junto con grabar comenz\u00f3 a insultar al personal pese a que todo ocurri\u00f3 en menos de tres minutos desde que la persona ingresa, se desploma, es atendido e ingresado a la sala de reanimaci\u00f3n,\u00a0 lo que nos parece grav\u00edsimo debido a que s\u00f3lo se obstaculiz\u00f3 el trabajo de los profesionales, quienes quedaron muy consternados \u00a0por lo vivido\u201d, asegur\u00f3 Susan Porras, Directora del establecimiento.<\/p>\n<p>La profesional asegur\u00f3 que el personal de urgencias en especial en periodos de invierno, trabaja bajo mucha presi\u00f3n y pese a estar preparados para actuar en casos como este, tambi\u00e9n requieren del apoyo y comprensi\u00f3n de los usuarios para poder realizar bien su trabajo.<\/p>\n<p>\u201cNosotros entendemos que todos desean ser atendidos pronto, pero debemos usar los dispositivos correctamente y permitir que las urgencias puedan atender los casos de riesgo vital como este, dando un mejor uso posible de los Cesfam, SUR e incluso el Salud Responde\u201d, agreg\u00f3.<\/p>\n<p>Cabe destacar que lamentablemente el paciente falleci\u00f3 pese a que el personal realiz\u00f3 m\u00e1s de media hora de maniobras de reanimaci\u00f3n, por lo que el establecimiento entrega sus condolencias a la familia ante tan lamentable incidente.<\/p>\n<p>&nbsp;<\/p>\n<p>&nbsp;<\/p>\n","protected":false},"excerpt":{"rendered":"<p>Hombre de 52 a\u00f1os acababa de llegar y se desplom\u00f3 mientras daba sus datos tras lo cual las personas comenzaron a grabar y a insultar al personal que sali\u00f3 a atenderlo pese a las peticiones de la hija del afectado para que los dejaran trabajar &nbsp; Una grave denuncia y a la vez un llamado a la cordura de los usuarios que concurren al Servicio de Urgencias del Hospital San Camilo se encuentra realizando la Direcci\u00f3n del establecimiento luego de que este martes el personal cl\u00ednico que se encontraba atendiendo su turno, fuera agredido y obstaculizado para realizar sus funciones tras un incidente en donde un usuario que acababa de llegar se desplom\u00f3 mientras entregaba sus datos en admisi\u00f3n. El incidente ocurri\u00f3 a las 16:07 hrs\u00a0 cuando un hombre de 52 a\u00f1os lleg\u00f3 al servicio caminando acompa\u00f1ado de su hija y quien tras entregar sus datos y el motivo de la consulta se desplom\u00f3 sorpresivamente, siendo atendido por los funcionarios que determinaron que no era un desmayo sino que un paro cardiorespiratorio y por lo tanto comenzaron de inmediato las maniobras de reanimaci\u00f3n. Lo inusual y lamentable es que durante estas maniobras, las personas que estaban en la sala en vez de ayudar y permitir que el personal hiciera su trabajo, en todo momento estuvieron encima de la escena obstaculizando las maniobras y grabando todo en sus celulares, a pesar de las objeciones de la hija del afectado, a quien sencillamente no le hicieron caso. \u201cLa gente junto con grabar comenz\u00f3 a insultar al personal pese a que todo ocurri\u00f3 en menos de tres minutos desde que la persona ingresa, se desploma, es atendido e ingresado a la sala de reanimaci\u00f3n,\u00a0 lo que nos parece grav\u00edsimo debido a que s\u00f3lo se obstaculiz\u00f3 el trabajo de los profesionales, quienes quedaron muy consternados \u00a0por lo vivido\u201d, asegur\u00f3 Susan Porras, Directora del establecimiento. La profesional asegur\u00f3 que el personal de urgencias en especial en periodos de invierno, trabaja bajo mucha presi\u00f3n y pese a estar preparados para actuar en casos como este, tambi\u00e9n requieren del apoyo y comprensi\u00f3n de los usuarios para poder realizar bien su trabajo. \u201cNosotros entendemos que todos desean ser atendidos pronto, pero debemos usar los dispositivos correctamente y permitir que las urgencias puedan atender los casos de riesgo vital como este, dando un mejor uso posible de los Cesfam, SUR e incluso el Salud Responde\u201d, agreg\u00f3. Cabe destacar que lamentablemente el paciente falleci\u00f3 pese a que el personal realiz\u00f3 m\u00e1s de media hora de maniobras de reanimaci\u00f3n, por lo que el establecimiento entrega sus condolencias a la familia ante tan lamentable incidente. &nbsp; &nbsp;<\/p>\n","protected":false},"author":1,"featured_media":1833,"comment_status":"closed","ping_status":"closed","sticky":false,"template":"","format":"standard","meta":{"_joinchat":[],"footnotes":""},"categories":[9],"tags":[],"class_list":["post-1832","post","type-post","status-publish","format-standard","has-post-thumbnail","hentry","category-noticias"],"acf":[],"_links":{"self":[{"href":"https:\/\/hospitalsancamilo.cl\/sitioweb\/wp-json\/wp\/v2\/posts\/1832","targetHints":{"allow":["GET"]}}],"collection":[{"href":"https:\/\/hospitalsancamilo.cl\/sitioweb\/wp-json\/wp\/v2\/posts"}],"about":[{"href":"https:\/\/hospitalsancamilo.cl\/sitioweb\/wp-json\/wp\/v2\/types\/post"}],"author":[{"embeddable":true,"href":"https:\/\/hospitalsancamilo.cl\/sitioweb\/wp-json\/wp\/v2\/users\/1"}],"replies":[{"embeddable":true,"href":"https:\/\/hospitalsancamilo.cl\/sitioweb\/wp-json\/wp\/v2\/comments?post=1832"}],"version-history":[{"count":0,"href":"https:\/\/hospitalsancamilo.cl\/sitioweb\/wp-json\/wp\/v2\/posts\/1832\/revisions"}],"wp:featuredmedia":[{"embeddable":true,"href":"https:\/\/hospitalsancamilo.cl\/sitioweb\/wp-json\/"}],"wp:attachment":[{"href":"https:\/\/hospitalsancamilo.cl\/sitioweb\/wp-json\/wp\/v2\/media?parent=1832"}],"wp:term":[{"taxonomy":"category","embeddable":true,"href":"https:\/\/hospitalsancamilo.cl\/sitioweb\/wp-json\/wp\/v2\/categories?post=1832"},{"taxonomy":"post_tag","embeddable":true,"href":"https:\/\/hospitalsancamilo.cl\/sitioweb\/wp-json\/wp\/v2\/tags?post=1832"}],"curies":[{"name":"wp","href":"https:\/\/api.w.org\/{rel}","templated":true}]}}