{"id":18360,"date":"2024-08-08T10:25:56","date_gmt":"2024-08-08T13:25:56","guid":{"rendered":"https:\/\/hospitalsancamilo.cl\/?p=18360"},"modified":"2025-08-08T16:40:19","modified_gmt":"2025-08-08T16:40:19","slug":"walter-ocana-nuevamente-sera-el-representante-de-los-funcionarios-en-la-junta-calificadora","status":"publish","type":"post","link":"https:\/\/hospitalsancamilo.cl\/sitioweb\/2024\/08\/08\/walter-ocana-nuevamente-sera-el-representante-de-los-funcionarios-en-la-junta-calificadora\/","title":{"rendered":"Walter Oca\u00f1a nuevamente ser\u00e1 el representante de los funcionarios en la junta calificadora"},"content":{"rendered":"<p><img fetchpriority=\"high\" decoding=\"async\" class=\"alignnone size-medium wp-image-18361\" src=\"https:\/\/hospitalsancamilo.cl\/sitioweb\/wp-content\/uploads\/2024\/08\/walter-ocana-225x300.jpg\" alt=\"\" width=\"225\" height=\"300\" srcset=\"https:\/\/hospitalsancamilo.cl\/sitioweb\/wp-content\/uploads\/2024\/08\/walter-ocana-225x300.jpg 225w, https:\/\/hospitalsancamilo.cl\/sitioweb\/wp-content\/uploads\/2024\/08\/walter-ocana-768x1024.jpg 768w, https:\/\/hospitalsancamilo.cl\/sitioweb\/wp-content\/uploads\/2024\/08\/walter-ocana.jpg 900w\" sizes=\"(max-width: 225px) 100vw, 225px\" \/><\/p>\n<p><span class=\"OYPEnA font-feature-liga-off font-feature-clig-off font-feature-calt-off text-decoration-none text-strikethrough-none\">El dirigente estar\u00e1 para el periodo calificatorio del 2024<\/span><\/p>\n<p class=\"cvGsUA direction-ltr align-justify para-style-body\"><span class=\"OYPEnA font-feature-liga-off font-feature-clig-off font-feature-calt-off text-decoration-none text-strikethrough-none\">Nuevamente el enfermero y dirigente de la Afssa, Walter Oca\u00f1a gan\u00f3 las elecciones para ser el representante de los funcionarios ante la Junta Calificadora, que evaluar\u00e1 el periodo 2024.<\/span><\/p>\n<p class=\"cvGsUA direction-ltr align-justify para-style-body\"><span class=\"OYPEnA font-feature-liga-off font-feature-clig-off font-feature-calt-off text-decoration-none text-strikethrough-none\">Las elecciones, a cargo del Departamento de Gesti\u00f3n de Personas, se realizaron sin inconvenientes esta semana dej\u00e1ndolo como ganador con 113 votos, seguido muy cercanamente por Loreto Fuentes, representante de la Fenats con 107 votos.<\/span><\/p>\n<p class=\"cvGsUA direction-ltr align-justify para-style-body\"><span class=\"OYPEnA font-feature-liga-off font-feature-clig-off font-feature-calt-off text-decoration-none text-strikethrough-none\">En la elecci\u00f3n tambi\u00e9n participaron como candidatos Paulina Lazo, representante de la Fedeprus con 84 preferencias y luego Robert Bravo, tambi\u00e9n de la Fenats con 68 votos.<\/span><\/p>\n<p class=\"cvGsUA direction-ltr align-justify para-style-body\"><span class=\"OYPEnA font-feature-liga-off font-feature-clig-off font-feature-calt-off text-decoration-none text-strikethrough-none\">\u201cMuchas Gracias por la confianza, la preferencia y su apoyo. Como siempre har\u00e9 mi trabajo pensando en el bienestar de todas y todos<\/span><\/p>\n<p class=\"cvGsUA direction-ltr align-justify para-style-body\"><span class=\"OYPEnA font-feature-liga-off font-feature-clig-off font-feature-calt-off text-decoration-none text-strikethrough-none\">mis compa\u00f1eros de nuestro hospital. Sinceramente ,muchas gracias\u201d, asegur\u00f3 Walter Oca\u00f1a.<\/span><\/p>\n<p class=\"cvGsUA direction-ltr align-justify para-style-body\"><span class=\"OYPEnA font-feature-liga-off font-feature-clig-off font-feature-calt-off text-decoration-none text-strikethrough-none\">Cabe destacar que la Junta Calificadora est\u00e1 compuesta por los 3 funcionarios de mas alto nivel jer\u00e1rquico del establecimiento, adem\u00e1s del representante de los trabajadores y representante gremial<\/span> <span class=\"OYPEnA font-feature-liga-off font-feature-clig-off font-feature-calt-off text-decoration-none text-strikethrough-none\">por cada uno de los estamentos.<\/span><\/p>\n","protected":false},"excerpt":{"rendered":"<p>El dirigente estar\u00e1 para el periodo calificatorio del 2024 Nuevamente el enfermero y dirigente de la Afssa, Walter Oca\u00f1a gan\u00f3 las elecciones para ser el representante de los funcionarios ante la Junta Calificadora, que evaluar\u00e1 el periodo 2024. Las elecciones, a cargo del Departamento de Gesti\u00f3n de Personas, se realizaron sin inconvenientes esta semana dej\u00e1ndolo como ganador con 113 votos, seguido muy cercanamente por Loreto Fuentes, representante de la Fenats con 107 votos. En la elecci\u00f3n tambi\u00e9n participaron como candidatos Paulina Lazo, representante de la Fedeprus con 84 preferencias y luego Robert Bravo, tambi\u00e9n de la Fenats con 68 votos. \u201cMuchas Gracias por la confianza, la preferencia y su apoyo. Como siempre har\u00e9 mi trabajo pensando en el bienestar de todas y todos mis compa\u00f1eros de nuestro hospital. Sinceramente ,muchas gracias\u201d, asegur\u00f3 Walter Oca\u00f1a. Cabe destacar que la Junta Calificadora est\u00e1 compuesta por los 3 funcionarios de mas alto nivel jer\u00e1rquico del establecimiento, adem\u00e1s del representante de los trabajadores y representante gremial por cada uno de los estamentos.<\/p>\n","protected":false},"author":1,"featured_media":18361,"comment_status":"closed","ping_status":"closed","sticky":false,"template":"","format":"standard","meta":{"_joinchat":[],"footnotes":""},"categories":[9],"tags":[],"class_list":["post-18360","post","type-post","status-publish","format-standard","has-post-thumbnail","hentry","category-noticias"],"acf":[],"_links":{"self":[{"href":"https:\/\/hospitalsancamilo.cl\/sitioweb\/wp-json\/wp\/v2\/posts\/18360","targetHints":{"allow":["GET"]}}],"collection":[{"href":"https:\/\/hospitalsancamilo.cl\/sitioweb\/wp-json\/wp\/v2\/posts"}],"about":[{"href":"https:\/\/hospitalsancamilo.cl\/sitioweb\/wp-json\/wp\/v2\/types\/post"}],"author":[{"embeddable":true,"href":"https:\/\/hospitalsancamilo.cl\/sitioweb\/wp-json\/wp\/v2\/users\/1"}],"replies":[{"embeddable":true,"href":"https:\/\/hospitalsancamilo.cl\/sitioweb\/wp-json\/wp\/v2\/comments?post=18360"}],"version-history":[{"count":1,"href":"https:\/\/hospitalsancamilo.cl\/sitioweb\/wp-json\/wp\/v2\/posts\/18360\/revisions"}],"predecessor-version":[{"id":18825,"href":"https:\/\/hospitalsancamilo.cl\/sitioweb\/wp-json\/wp\/v2\/posts\/18360\/revisions\/18825"}],"wp:featuredmedia":[{"embeddable":true,"href":"https:\/\/hospitalsancamilo.cl\/sitioweb\/wp-json\/wp\/v2\/media\/18361"}],"wp:attachment":[{"href":"https:\/\/hospitalsancamilo.cl\/sitioweb\/wp-json\/wp\/v2\/media?parent=18360"}],"wp:term":[{"taxonomy":"category","embeddable":true,"href":"https:\/\/hospitalsancamilo.cl\/sitioweb\/wp-json\/wp\/v2\/categories?post=18360"},{"taxonomy":"post_tag","embeddable":true,"href":"https:\/\/hospitalsancamilo.cl\/sitioweb\/wp-json\/wp\/v2\/tags?post=18360"}],"curies":[{"name":"wp","href":"https:\/\/api.w.org\/{rel}","templated":true}]}}