{"id":2245,"date":"2018-10-04T16:34:08","date_gmt":"2018-10-04T16:34:08","guid":{"rendered":"https:\/\/hospitalsancamilo.cl\/sitio\/?p=2245"},"modified":"2018-10-04T16:34:08","modified_gmt":"2018-10-04T16:34:08","slug":"hospital-san-camilo-celebra-aniversario-176-en-medio-de-millonarias-inversiones","status":"publish","type":"post","link":"https:\/\/hospitalsancamilo.cl\/sitioweb\/2018\/10\/04\/hospital-san-camilo-celebra-aniversario-176-en-medio-de-millonarias-inversiones\/","title":{"rendered":"Hospital San Camilo celebra aniversario 176 en medio de millonarias inversiones"},"content":{"rendered":"<p><img fetchpriority=\"high\" decoding=\"async\" class=\"aligncenter size-large wp-image-2254\" src=\"https:\/\/hospitalsancamilo.cl\/wp-content\/uploads\/2018\/10\/premio-segismundo-iturra-a-Digna-Zapata-1024x683.jpg\" alt=\"\" width=\"720\" height=\"480\" \/><\/p>\n<p>Durante este nuevo a\u00f1o el establecimiento ha recibido nuevos especialistas, incorporado nuevos y complejos procedimientos adem\u00e1s de millonarias inversiones que ahora comenzar\u00e1n a implementarse<\/p>\n<p>&nbsp;<\/p>\n<p>En el marco del aniversario 176 de la instituci\u00f3n, el Hospital San Camilo celebr\u00f3 un a\u00f1o m\u00e1s de vida dando cuenta de numerosos avances en materia de inversiones, mejoras para sus usuarios y sus funcionarios, sumando nuevos especialistas y nuevo equipamiento que permiten entregar una mejor atenci\u00f3n.<\/p>\n<p>De esta manera, por ejemplo, la llegada de los nuevos especialistas ha permitido contar con mayor disponibilidad de horas en \u00e1reas tan sensibles como ginecolog\u00eda, medicina interna o otorrinolaringolog\u00eda. Por su parte, en materia de inversiones y arreglos, el hospital est\u00e1 en plena ejecuci\u00f3n de mejoras en general que pueden llegar a alcanzar los seis mil millones de pesos.<\/p>\n<p>\u201cEstamos contentos de celebrar un nuevo aniversario con la comunidad ya que podemos dar cuenta de un buen a\u00f1o en el cual se ha avanzado en prestaciones, \u00a0especialistas y en gesti\u00f3n e inversiones, pues todo este tiempo hemos estado gestionando diversos proyectos enviados desde el Ministerio como por ejemplo el Hospital a Punto, y Pabell\u00f3n a Punto, dos grandes desaf\u00edos que nos permitir\u00e1n la compra de nuevo equipamiento quir\u00fargico y el arreglo de gran parte de los\u00a0 ba\u00f1os de los usuarios de los servicios de hospitalizados, todo lo cual nos permite entregar una mejor salud a toda la poblaci\u00f3n\u201d, asegur\u00f3 el Director del establecimiento, Dr. Daniel \u00c1lvarez.<\/p>\n<p>En materia de avances, tambi\u00e9n destaca las inversiones realizadas en el \u00e1rea industrial, en donde se espera reponer su agotado equipamiento. Dentro del \u00e1rea cl\u00ednica, destacan los nuevos procedimientos en oftalmolog\u00eda que permiten que nuestros usuarios ya no deban viajar a Santiago a realizarse procedimientos como la incorporaci\u00f3n de lentes premium para corregir ciertas cataratas.<\/p>\n<p>En la ceremonia, tambi\u00e9n se realizaron diversos reconocimientos a los funcionarios que se acogen a retiro, as\u00ed como tambi\u00e9n se entreg\u00f3 la Distinci\u00f3n Segismundo Iturra, reconocimiento que entrega la instituci\u00f3n al funcionario que represente los valores de un verdadero servidor p\u00fablico como lo fue en vida el Dr. Iturra, obteniendo este a\u00f1o el honor la T\u00e9cnico Param\u00e9dico Sra. Digna Zapata Alfaro. Por su parte, los funcionarios Elizabeth Fern\u00e1ndez, enfermera supervisora de Cirug\u00eda; Dr. Mario Varela, jefe Cirug\u00eda Infantil; Dr. Francisco Villavicencio, jefe Dental; Fiti Alvarado, administrativo Contabilidad y Ang\u00e9lica Silva, profesional de Personal, recibieron la medalla al valor institucional.<\/p>\n<p><img decoding=\"async\" class=\"aligncenter size-large wp-image-2253\" src=\"https:\/\/hospitalsancamilo.cl\/wp-content\/uploads\/2018\/10\/Mario-Varela-1024x683.jpg\" alt=\"\" width=\"720\" height=\"480\" \/> <img decoding=\"async\" class=\"aligncenter size-large wp-image-2252\" src=\"https:\/\/hospitalsancamilo.cl\/wp-content\/uploads\/2018\/10\/Fiti-Alvarado-1024x683.jpg\" alt=\"\" width=\"720\" height=\"480\" \/> <img loading=\"lazy\" decoding=\"async\" class=\"aligncenter size-large wp-image-2251\" src=\"https:\/\/hospitalsancamilo.cl\/wp-content\/uploads\/2018\/10\/elizabeth-fernandez-1024x683.jpg\" alt=\"\" width=\"720\" height=\"480\" \/> <img loading=\"lazy\" decoding=\"async\" class=\"aligncenter size-large wp-image-2248\" src=\"https:\/\/hospitalsancamilo.cl\/wp-content\/uploads\/2018\/10\/dr.-francisco-Villavicencio-1024x683.jpg\" alt=\"\" width=\"720\" height=\"480\" \/> <img loading=\"lazy\" decoding=\"async\" class=\"aligncenter size-large wp-image-2247\" src=\"https:\/\/hospitalsancamilo.cl\/wp-content\/uploads\/2018\/10\/Angelica-Silva-1024x683.jpg\" alt=\"\" width=\"720\" height=\"480\" \/> <img loading=\"lazy\" decoding=\"async\" class=\"aligncenter size-large wp-image-2250\" src=\"https:\/\/hospitalsancamilo.cl\/wp-content\/uploads\/2018\/10\/DSC01409-1024x683.jpg\" alt=\"\" width=\"720\" height=\"480\" \/> <img loading=\"lazy\" decoding=\"async\" class=\"aligncenter size-large wp-image-2249\" src=\"https:\/\/hospitalsancamilo.cl\/wp-content\/uploads\/2018\/10\/DSC01342-1024x683.jpg\" alt=\"\" width=\"720\" height=\"480\" \/><\/p>\n","protected":false},"excerpt":{"rendered":"<p>Durante este nuevo a\u00f1o el establecimiento ha recibido nuevos especialistas, incorporado nuevos y complejos procedimientos adem\u00e1s de millonarias inversiones que ahora comenzar\u00e1n a implementarse &nbsp; En el marco del aniversario 176 de la instituci\u00f3n, el Hospital San Camilo celebr\u00f3 un a\u00f1o m\u00e1s de vida dando cuenta de numerosos avances en materia de inversiones, mejoras para sus usuarios y sus funcionarios, sumando nuevos especialistas y nuevo equipamiento que permiten entregar una mejor atenci\u00f3n. De esta manera, por ejemplo, la llegada de los nuevos especialistas ha permitido contar con mayor disponibilidad de horas en \u00e1reas tan sensibles como ginecolog\u00eda, medicina interna o otorrinolaringolog\u00eda. Por su parte, en materia de inversiones y arreglos, el hospital est\u00e1 en plena ejecuci\u00f3n de mejoras en general que pueden llegar a alcanzar los seis mil millones de pesos. \u201cEstamos contentos de celebrar un nuevo aniversario con la comunidad ya que podemos dar cuenta de un buen a\u00f1o en el cual se ha avanzado en prestaciones, \u00a0especialistas y en gesti\u00f3n e inversiones, pues todo este tiempo hemos estado gestionando diversos proyectos enviados desde el Ministerio como por ejemplo el Hospital a Punto, y Pabell\u00f3n a Punto, dos grandes desaf\u00edos que nos permitir\u00e1n la compra de nuevo equipamiento quir\u00fargico y el arreglo de gran parte de los\u00a0 ba\u00f1os de los usuarios de los servicios de hospitalizados, todo lo cual nos permite entregar una mejor salud a toda la poblaci\u00f3n\u201d, asegur\u00f3 el Director del establecimiento, Dr. Daniel \u00c1lvarez. En materia de avances, tambi\u00e9n destaca las inversiones realizadas en el \u00e1rea industrial, en donde se espera reponer su agotado equipamiento. Dentro del \u00e1rea cl\u00ednica, destacan los nuevos procedimientos en oftalmolog\u00eda que permiten que nuestros usuarios ya no deban viajar a Santiago a realizarse procedimientos como la incorporaci\u00f3n de lentes premium para corregir ciertas cataratas. En la ceremonia, tambi\u00e9n se realizaron diversos reconocimientos a los funcionarios que se acogen a retiro, as\u00ed como tambi\u00e9n se entreg\u00f3 la Distinci\u00f3n Segismundo Iturra, reconocimiento que entrega la instituci\u00f3n al funcionario que represente los valores de un verdadero servidor p\u00fablico como lo fue en vida el Dr. Iturra, obteniendo este a\u00f1o el honor la T\u00e9cnico Param\u00e9dico Sra. Digna Zapata Alfaro. Por su parte, los funcionarios Elizabeth Fern\u00e1ndez, enfermera supervisora de Cirug\u00eda; Dr. Mario Varela, jefe Cirug\u00eda Infantil; Dr. Francisco Villavicencio, jefe Dental; Fiti Alvarado, administrativo Contabilidad y Ang\u00e9lica Silva, profesional de Personal, recibieron la medalla al valor institucional.<\/p>\n","protected":false},"author":1,"featured_media":2246,"comment_status":"closed","ping_status":"closed","sticky":false,"template":"","format":"standard","meta":{"_joinchat":[],"footnotes":""},"categories":[9],"tags":[],"class_list":["post-2245","post","type-post","status-publish","format-standard","has-post-thumbnail","hentry","category-noticias"],"acf":[],"_links":{"self":[{"href":"https:\/\/hospitalsancamilo.cl\/sitioweb\/wp-json\/wp\/v2\/posts\/2245","targetHints":{"allow":["GET"]}}],"collection":[{"href":"https:\/\/hospitalsancamilo.cl\/sitioweb\/wp-json\/wp\/v2\/posts"}],"about":[{"href":"https:\/\/hospitalsancamilo.cl\/sitioweb\/wp-json\/wp\/v2\/types\/post"}],"author":[{"embeddable":true,"href":"https:\/\/hospitalsancamilo.cl\/sitioweb\/wp-json\/wp\/v2\/users\/1"}],"replies":[{"embeddable":true,"href":"https:\/\/hospitalsancamilo.cl\/sitioweb\/wp-json\/wp\/v2\/comments?post=2245"}],"version-history":[{"count":0,"href":"https:\/\/hospitalsancamilo.cl\/sitioweb\/wp-json\/wp\/v2\/posts\/2245\/revisions"}],"wp:featuredmedia":[{"embeddable":true,"href":"https:\/\/hospitalsancamilo.cl\/sitioweb\/wp-json\/wp\/v2\/media\/2246"}],"wp:attachment":[{"href":"https:\/\/hospitalsancamilo.cl\/sitioweb\/wp-json\/wp\/v2\/media?parent=2245"}],"wp:term":[{"taxonomy":"category","embeddable":true,"href":"https:\/\/hospitalsancamilo.cl\/sitioweb\/wp-json\/wp\/v2\/categories?post=2245"},{"taxonomy":"post_tag","embeddable":true,"href":"https:\/\/hospitalsancamilo.cl\/sitioweb\/wp-json\/wp\/v2\/tags?post=2245"}],"curies":[{"name":"wp","href":"https:\/\/api.w.org\/{rel}","templated":true}]}}