{"id":2274,"date":"2018-11-06T20:55:24","date_gmt":"2018-11-06T20:55:24","guid":{"rendered":"https:\/\/hospitalsancamilo.cl\/sitio\/?p=2274"},"modified":"2018-11-06T20:55:24","modified_gmt":"2018-11-06T20:55:24","slug":"orquesta-de-camara-juvenil-de-panquehue-sorprende-a-los-usuarios-del-hospital-san-camilo-con-inedita-presentacion-musical","status":"publish","type":"post","link":"https:\/\/hospitalsancamilo.cl\/sitioweb\/2018\/11\/06\/orquesta-de-camara-juvenil-de-panquehue-sorprende-a-los-usuarios-del-hospital-san-camilo-con-inedita-presentacion-musical\/","title":{"rendered":"Orquesta de C\u00e1mara Juvenil de Panquehue sorprende a los usuarios del Hospital San Camilo con in\u00e9dita presentaci\u00f3n musical"},"content":{"rendered":"<p><img fetchpriority=\"high\" decoding=\"async\" class=\"aligncenter size-large wp-image-2275\" src=\"https:\/\/hospitalsancamilo.cl\/wp-content\/uploads\/2018\/11\/DSC02220-1024x681.jpg\" alt=\"\" width=\"720\" height=\"479\" \/><\/p>\n<p><strong>Muestra art\u00edstica se desarroll\u00f3 en el Hall del establecimiento para deleite del p\u00fablico presente<\/strong><\/p>\n<p>&nbsp;<\/p>\n<p>Una novedosa presentaci\u00f3n realiz\u00f3 la Orquesta de C\u00e1mara Infantil Juvenil Municipal de Panquehue este martes en el sector del \u00abarbolito del CAE\u00bb para el goce y el deleite de usuarios y funcionarios que pudieron asistir a tan hermosa puesta en escena.<\/p>\n<p>La actividad busc\u00f3 entregar un momento de alegr\u00eda a los presentes y a la vez una muestra de cultura, entendiendo que la m\u00fasica docta muchas veces es de dif\u00edcil acceso y por lo mismo, el grupo art\u00edstico de la Municipalidad de Panquehue quiso hacer llegar su trabajo a diversos puntos de la provincia y qu\u00e9 mejor que hacerlo en un recinto de salud en donde se congregan muchas personas y que de seguro, quedaron muy agradados con esta iniciativa.<\/p>\n<p>\u201cEsta propuesta es una iniciativa municipal que gracias al apoyo del alcalde Luis Pradenas y el Departamento de Educaci\u00f3n ya lleva tres a\u00f1os permiti\u00e9ndonos entregar una alternativa a los ni\u00f1os y j\u00f3venes de la comuna para que formen parte de esta verdadera escuela de m\u00fasica que les entrega los instrumentos y lo m\u00e1s importante las clases, por lo que el concurrir a\u00a0 espacios p\u00fablicos es una manera de mostrar el talento de los chicos, pero tambi\u00e9n de llevar la cultura a todos los sectores\u201d, se\u00f1al\u00f3 la subdirectora de la agrupaci\u00f3n,\u00a0 Luna\u00a0 Castro.<\/p>\n<p>Por su parte, el Director del Hospital San Camilo, Dr. Daniel \u00c1lvarez, agradeci\u00f3 la muestra que va en directo beneficio de los usuarios, ya que muchas veces no tienen la posibilidad de disfrutar una presentaci\u00f3n de m\u00fasica de este tipo.<\/p>\n<p>\u201cFue una presentaci\u00f3n maravillosa tanto por la iniciativa que se les entrega a nuestros usuarios como tambi\u00e9n por el ejemplo de superaci\u00f3n que le est\u00e1n entregando a los menores, demostr\u00e1ndoles que todo sue\u00f1o se puede cumplir con esfuerzo y dedicaci\u00f3n. Nosotros estamos\u00a0 siempre dispuestos a albergar este tipo de iniciativas para alegrar el d\u00eda de nuestro p\u00fablico\u201d.<\/p>\n<p>Cabe destacar que posterior a la presentaci\u00f3n en el \u00e1rea ambulatoria, los menores concurrieron a las diversas salas de hospitalizados, para entregar peque\u00f1as piezas musicales a quienes debido a su enfermedad o intervenci\u00f3n quir\u00fargica, deben permanecer internados en el hospital.<\/p>\n<p><img decoding=\"async\" class=\"aligncenter size-large wp-image-2276\" src=\"https:\/\/hospitalsancamilo.cl\/wp-content\/uploads\/2018\/11\/DSC02192-1024x681.jpg\" alt=\"\" width=\"720\" height=\"479\" \/><\/p>\n<p><img decoding=\"async\" class=\"aligncenter size-large wp-image-2281\" src=\"https:\/\/hospitalsancamilo.cl\/wp-content\/uploads\/2018\/11\/DSC02243-1024x681.jpg\" alt=\"\" width=\"720\" height=\"479\" \/> <img loading=\"lazy\" decoding=\"async\" class=\"aligncenter size-large wp-image-2280\" src=\"https:\/\/hospitalsancamilo.cl\/wp-content\/uploads\/2018\/11\/DSC02203-1024x681.jpg\" alt=\"\" width=\"720\" height=\"479\" \/> <img loading=\"lazy\" decoding=\"async\" class=\"aligncenter size-large wp-image-2279\" src=\"https:\/\/hospitalsancamilo.cl\/wp-content\/uploads\/2018\/11\/DSC02176-1024x681.jpg\" alt=\"\" width=\"720\" height=\"479\" \/> <img loading=\"lazy\" decoding=\"async\" class=\"aligncenter size-large wp-image-2277\" src=\"https:\/\/hospitalsancamilo.cl\/wp-content\/uploads\/2018\/11\/DSC02154-1024x681.jpg\" alt=\"\" width=\"720\" height=\"479\" \/><\/p>\n","protected":false},"excerpt":{"rendered":"<p>Muestra art\u00edstica se desarroll\u00f3 en el Hall del establecimiento para deleite del p\u00fablico presente &nbsp; Una novedosa presentaci\u00f3n realiz\u00f3 la Orquesta de C\u00e1mara Infantil Juvenil Municipal de Panquehue este martes en el sector del \u00abarbolito del CAE\u00bb para el goce y el deleite de usuarios y funcionarios que pudieron asistir a tan hermosa puesta en escena. La actividad busc\u00f3 entregar un momento de alegr\u00eda a los presentes y a la vez una muestra de cultura, entendiendo que la m\u00fasica docta muchas veces es de dif\u00edcil acceso y por lo mismo, el grupo art\u00edstico de la Municipalidad de Panquehue quiso hacer llegar su trabajo a diversos puntos de la provincia y qu\u00e9 mejor que hacerlo en un recinto de salud en donde se congregan muchas personas y que de seguro, quedaron muy agradados con esta iniciativa. \u201cEsta propuesta es una iniciativa municipal que gracias al apoyo del alcalde Luis Pradenas y el Departamento de Educaci\u00f3n ya lleva tres a\u00f1os permiti\u00e9ndonos entregar una alternativa a los ni\u00f1os y j\u00f3venes de la comuna para que formen parte de esta verdadera escuela de m\u00fasica que les entrega los instrumentos y lo m\u00e1s importante las clases, por lo que el concurrir a\u00a0 espacios p\u00fablicos es una manera de mostrar el talento de los chicos, pero tambi\u00e9n de llevar la cultura a todos los sectores\u201d, se\u00f1al\u00f3 la subdirectora de la agrupaci\u00f3n,\u00a0 Luna\u00a0 Castro. Por su parte, el Director del Hospital San Camilo, Dr. Daniel \u00c1lvarez, agradeci\u00f3 la muestra que va en directo beneficio de los usuarios, ya que muchas veces no tienen la posibilidad de disfrutar una presentaci\u00f3n de m\u00fasica de este tipo. \u201cFue una presentaci\u00f3n maravillosa tanto por la iniciativa que se les entrega a nuestros usuarios como tambi\u00e9n por el ejemplo de superaci\u00f3n que le est\u00e1n entregando a los menores, demostr\u00e1ndoles que todo sue\u00f1o se puede cumplir con esfuerzo y dedicaci\u00f3n. Nosotros estamos\u00a0 siempre dispuestos a albergar este tipo de iniciativas para alegrar el d\u00eda de nuestro p\u00fablico\u201d. Cabe destacar que posterior a la presentaci\u00f3n en el \u00e1rea ambulatoria, los menores concurrieron a las diversas salas de hospitalizados, para entregar peque\u00f1as piezas musicales a quienes debido a su enfermedad o intervenci\u00f3n quir\u00fargica, deben permanecer internados en el hospital.<\/p>\n","protected":false},"author":1,"featured_media":2275,"comment_status":"closed","ping_status":"closed","sticky":false,"template":"","format":"standard","meta":{"_joinchat":[],"footnotes":""},"categories":[9],"tags":[],"class_list":["post-2274","post","type-post","status-publish","format-standard","has-post-thumbnail","hentry","category-noticias"],"acf":[],"_links":{"self":[{"href":"https:\/\/hospitalsancamilo.cl\/sitioweb\/wp-json\/wp\/v2\/posts\/2274","targetHints":{"allow":["GET"]}}],"collection":[{"href":"https:\/\/hospitalsancamilo.cl\/sitioweb\/wp-json\/wp\/v2\/posts"}],"about":[{"href":"https:\/\/hospitalsancamilo.cl\/sitioweb\/wp-json\/wp\/v2\/types\/post"}],"author":[{"embeddable":true,"href":"https:\/\/hospitalsancamilo.cl\/sitioweb\/wp-json\/wp\/v2\/users\/1"}],"replies":[{"embeddable":true,"href":"https:\/\/hospitalsancamilo.cl\/sitioweb\/wp-json\/wp\/v2\/comments?post=2274"}],"version-history":[{"count":0,"href":"https:\/\/hospitalsancamilo.cl\/sitioweb\/wp-json\/wp\/v2\/posts\/2274\/revisions"}],"wp:featuredmedia":[{"embeddable":true,"href":"https:\/\/hospitalsancamilo.cl\/sitioweb\/wp-json\/wp\/v2\/media\/2275"}],"wp:attachment":[{"href":"https:\/\/hospitalsancamilo.cl\/sitioweb\/wp-json\/wp\/v2\/media?parent=2274"}],"wp:term":[{"taxonomy":"category","embeddable":true,"href":"https:\/\/hospitalsancamilo.cl\/sitioweb\/wp-json\/wp\/v2\/categories?post=2274"},{"taxonomy":"post_tag","embeddable":true,"href":"https:\/\/hospitalsancamilo.cl\/sitioweb\/wp-json\/wp\/v2\/tags?post=2274"}],"curies":[{"name":"wp","href":"https:\/\/api.w.org\/{rel}","templated":true}]}}