{"id":2318,"date":"2019-01-02T16:34:38","date_gmt":"2019-01-02T16:34:38","guid":{"rendered":"https:\/\/hospitalsancamilo.cl\/sitio\/?p=2318"},"modified":"2019-01-02T16:34:38","modified_gmt":"2019-01-02T16:34:38","slug":"a-las-0042-nacio-rocio-antonella-la-primera-bebe-del-valle-del-aconcagua-este-2019","status":"publish","type":"post","link":"https:\/\/hospitalsancamilo.cl\/sitioweb\/2019\/01\/02\/a-las-0042-nacio-rocio-antonella-la-primera-bebe-del-valle-del-aconcagua-este-2019\/","title":{"rendered":"A las 00:42 hrs. naci\u00f3 Roc\u00edo Antonella, la primera beb\u00e9 del Valle del Aconcagua este 2019"},"content":{"rendered":"<p><img fetchpriority=\"high\" decoding=\"async\" class=\"aligncenter size-large wp-image-2319\" src=\"https:\/\/hospitalsancamilo.cl\/wp-content\/uploads\/2019\/01\/IMG_2986-1024x683.jpg\" alt=\"\" width=\"720\" height=\"480\" \/><\/p>\n<p>Parto normal permiti\u00f3 que se pudieran ir de alta sin problemas&#8230; no sin antes agradecer a todo el personal por la excelente atenci\u00f3n recibida<\/p>\n<p>&nbsp;<\/p>\n<p>Roc\u00edo Antonella se llama la primera beb\u00e9 nacida este 2019 en el Hospital San Camilo y en todo el Valle del Aconcagua, tras llegar a este mundo a las 00:42 hrs de este primero de enero, pudiendo vivir un proceso totalmente normal en compa\u00f1\u00eda de sus seres queridos.<\/p>\n<p>Su familia y en especial sus padres, Marcos y Karla est\u00e1n muy felices y a la vez agradecidos de todo el trabajo realizado con ellos, destacando que no hubo problemas y el trato estuvo de lo mejor, gracias a lo cual se pueden ir de alta satisfechos a su comuna de Catemu.<\/p>\n<p>Fue muy doloroso para mi por ser la primera vez pero sali\u00f3 todo bien y como es \u00a0nuestra primera hija todo es nuevo e inesperado, sobre todo esto de ser la primera del a\u00f1o, me trataron bien y todo anduvo dentro de lo esperado, as\u00ed que nada que decir, s\u00f3lo agradecer\u201d, se\u00f1al\u00f3 Karla Pulgar, la joven y dichosa madre.<\/p>\n<p>Por su parte, el padre Marcos Aranda, tambi\u00e9n se mostr\u00f3 sorprendido y a la vez agradecido \u201cSolamente dar las gracias por todo lo recibido y ahora solo queda ir a disfrutar a la ni\u00f1a\u201d, agreg\u00f3.<\/p>\n<p>Como es tradici\u00f3n, Roc\u00edo Antonella recibi\u00f3 la visita de la m\u00e1xima autoridad provincial, el Gobernador Claudio Rodr\u00edguez, quien acompa\u00f1ado del Director del establecimiento, Dr. Daniel \u00c1lvarez, les entreg\u00f3 todos los parabienes a la familia.<\/p>\n<p>\u201cEmpezamos este 2019 con muchos partos y eso nos pone contentos y por eso quisimos compartir con estos nuevos padres la dicha de este nacimiento entreg\u00e1ndoles un presente y las mejores vibras para que retornen a hacer su nueva vida a su comuna de Catemu sin problemas\u201d, se\u00f1al\u00f3 el Gobernador.<\/p>\n<p>Cabe destacar que s\u00f3lo durante el d\u00eda primero de enero, hubo 8 nacimientos en el Hospital San Camilo y 9 reci\u00e9n nacidos, ya que durante la tarde se produjo un parto gemelar. Al igual que Roc\u00edo, todos los beb\u00e9s tendr\u00e1n derecho a recibir el beneficio del completo set de ajuar que entrega el Sistema de Protecci\u00f3n Chile Crece Contigo, mencionando que durante el a\u00f1o 2018 hubo 2018 beneficiados por este sistema.<\/p>\n","protected":false},"excerpt":{"rendered":"<p>Parto normal permiti\u00f3 que se pudieran ir de alta sin problemas&#8230; no sin antes agradecer a todo el personal por la excelente atenci\u00f3n recibida &nbsp; Roc\u00edo Antonella se llama la primera beb\u00e9 nacida este 2019 en el Hospital San Camilo y en todo el Valle del Aconcagua, tras llegar a este mundo a las 00:42 hrs de este primero de enero, pudiendo vivir un proceso totalmente normal en compa\u00f1\u00eda de sus seres queridos. Su familia y en especial sus padres, Marcos y Karla est\u00e1n muy felices y a la vez agradecidos de todo el trabajo realizado con ellos, destacando que no hubo problemas y el trato estuvo de lo mejor, gracias a lo cual se pueden ir de alta satisfechos a su comuna de Catemu. Fue muy doloroso para mi por ser la primera vez pero sali\u00f3 todo bien y como es \u00a0nuestra primera hija todo es nuevo e inesperado, sobre todo esto de ser la primera del a\u00f1o, me trataron bien y todo anduvo dentro de lo esperado, as\u00ed que nada que decir, s\u00f3lo agradecer\u201d, se\u00f1al\u00f3 Karla Pulgar, la joven y dichosa madre. Por su parte, el padre Marcos Aranda, tambi\u00e9n se mostr\u00f3 sorprendido y a la vez agradecido \u201cSolamente dar las gracias por todo lo recibido y ahora solo queda ir a disfrutar a la ni\u00f1a\u201d, agreg\u00f3. Como es tradici\u00f3n, Roc\u00edo Antonella recibi\u00f3 la visita de la m\u00e1xima autoridad provincial, el Gobernador Claudio Rodr\u00edguez, quien acompa\u00f1ado del Director del establecimiento, Dr. Daniel \u00c1lvarez, les entreg\u00f3 todos los parabienes a la familia. \u201cEmpezamos este 2019 con muchos partos y eso nos pone contentos y por eso quisimos compartir con estos nuevos padres la dicha de este nacimiento entreg\u00e1ndoles un presente y las mejores vibras para que retornen a hacer su nueva vida a su comuna de Catemu sin problemas\u201d, se\u00f1al\u00f3 el Gobernador. Cabe destacar que s\u00f3lo durante el d\u00eda primero de enero, hubo 8 nacimientos en el Hospital San Camilo y 9 reci\u00e9n nacidos, ya que durante la tarde se produjo un parto gemelar. Al igual que Roc\u00edo, todos los beb\u00e9s tendr\u00e1n derecho a recibir el beneficio del completo set de ajuar que entrega el Sistema de Protecci\u00f3n Chile Crece Contigo, mencionando que durante el a\u00f1o 2018 hubo 2018 beneficiados por este sistema.<\/p>\n","protected":false},"author":1,"featured_media":2319,"comment_status":"closed","ping_status":"closed","sticky":false,"template":"","format":"standard","meta":{"_joinchat":[],"footnotes":""},"categories":[9],"tags":[],"class_list":["post-2318","post","type-post","status-publish","format-standard","has-post-thumbnail","hentry","category-noticias"],"acf":[],"_links":{"self":[{"href":"https:\/\/hospitalsancamilo.cl\/sitioweb\/wp-json\/wp\/v2\/posts\/2318","targetHints":{"allow":["GET"]}}],"collection":[{"href":"https:\/\/hospitalsancamilo.cl\/sitioweb\/wp-json\/wp\/v2\/posts"}],"about":[{"href":"https:\/\/hospitalsancamilo.cl\/sitioweb\/wp-json\/wp\/v2\/types\/post"}],"author":[{"embeddable":true,"href":"https:\/\/hospitalsancamilo.cl\/sitioweb\/wp-json\/wp\/v2\/users\/1"}],"replies":[{"embeddable":true,"href":"https:\/\/hospitalsancamilo.cl\/sitioweb\/wp-json\/wp\/v2\/comments?post=2318"}],"version-history":[{"count":0,"href":"https:\/\/hospitalsancamilo.cl\/sitioweb\/wp-json\/wp\/v2\/posts\/2318\/revisions"}],"wp:featuredmedia":[{"embeddable":true,"href":"https:\/\/hospitalsancamilo.cl\/sitioweb\/wp-json\/wp\/v2\/media\/2319"}],"wp:attachment":[{"href":"https:\/\/hospitalsancamilo.cl\/sitioweb\/wp-json\/wp\/v2\/media?parent=2318"}],"wp:term":[{"taxonomy":"category","embeddable":true,"href":"https:\/\/hospitalsancamilo.cl\/sitioweb\/wp-json\/wp\/v2\/categories?post=2318"},{"taxonomy":"post_tag","embeddable":true,"href":"https:\/\/hospitalsancamilo.cl\/sitioweb\/wp-json\/wp\/v2\/tags?post=2318"}],"curies":[{"name":"wp","href":"https:\/\/api.w.org\/{rel}","templated":true}]}}