{"id":399,"date":"2015-08-31T18:40:05","date_gmt":"2015-08-31T18:40:05","guid":{"rendered":"https:\/\/hospitalsancamilo.cl\/sitio\/?p=399"},"modified":"2015-08-31T18:40:05","modified_gmt":"2015-08-31T18:40:05","slug":"con-gran-cicletada-familiar-culmino-el-mes-del-corazon-organizado-por-el-hospital-san-camilo","status":"publish","type":"post","link":"https:\/\/hospitalsancamilo.cl\/sitioweb\/2015\/08\/31\/con-gran-cicletada-familiar-culmino-el-mes-del-corazon-organizado-por-el-hospital-san-camilo\/","title":{"rendered":"Con gran cicletada familiar culmin\u00f3 el mes del coraz\u00f3n organizado por el Hospital San Camilo"},"content":{"rendered":"<p><a href=\"https:\/\/hospitalsancamilo.cl\/sitio\/cicletada-por-la-salud-2015\/\"><img fetchpriority=\"high\" decoding=\"async\" class=\"alignleft size-full wp-image-401\" src=\"https:\/\/hospitalsancamilo.cl\/wp-content\/uploads\/2015\/08\/Imagecicletada_ch.jpg\" alt=\"Imagecicletada_ch\" width=\"450\" height=\"300\" \/><\/a>Con un gran marco de entusiasta p\u00fablico se realiz\u00f3 el pasado s\u00e1bado la gran cicletada familiar que daba t\u00e9rmino al mes del coraz\u00f3n organizado por el Hospital San Camilo, en donde participaron alrededor de\u00a0 150 personas, muchas de las cuales concurrieron acompa\u00f1ados de sus hijos e incluso de sus mascotas.<br \/>\nEl evento buscaba promover los estilos de vida saludables y la vida sana para de esta manera mantener a raya a las enfermedades como la diabetes o la hipertensi\u00f3n entre otras, por lo que se dentro de los regalos a los asistentes estuvieron como protagonistas el agua mineral y las frutas, adem\u00e1s de las poleras y mochilas que se repartieron.<br \/>\n\u201cEstamos muy contentos con la actividad y la participaci\u00f3n de la comunidad, dando un bonito cierre al mes del coraz\u00f3n, as\u00ed que agradecemos a todos los asistentes y a quienes hicieron posibles esta actividad\u201d, asegur\u00f3 el Dr. Humberto Toledo, cardi\u00f3logo del establecimiento.<br \/>\nDentro de las agrupaciones que apoyaron este evento se encuentra la agrupaci\u00f3n de Ciclistas Furiosos de Aconcagua,\u00a0 la Universidad de Valpara\u00edso, la Fundaci\u00f3n Kapl\u00e1n, El Consejo de Desarrollo del establecimiento, el gimnasio Work Out, el Servicio de Salud Aconcagua, SAMU, Carabineros y la Ilustre Municipalidad de San Felipe.<br \/>\nPor su parte, el Director del establecimiento, Dr. Juan de Dios Reyes, quien tambi\u00e9n particip\u00f3 junto a su bicicleta, agradeci\u00f3 la concurrencia de funcionarios y de la comunidad, ya que reconoci\u00f3 que iniciativas como estas acercan y estrechan los lazos que siempre deben existir entre la ciudadan\u00eda y su hospital, ya que \u201cla salud es responsabilidad de todos\u201d, agreg\u00f3.<br \/>\nLa actividad, finalmente fue dedicada el recientemente fallecido periodista deportivo Javier Mu\u00f1oz, por quien se realiz\u00f3 un minuto de silencio dirigido por el Gobernador de la Provincia, Eduardo Le\u00f3n y se repartieron brazaletes negros por parte de los ciclistas furiosos, ya que el destacado sanfelipe\u00f1o era un promotor incansable de las actividades deportivas como esta, lo que fue reconocido por todos los asistentes.<\/p>\n<p><strong><a href=\"https:\/\/hospitalsancamilo.cl\/sitio\/cicletada-por-la-salud-2015\/\">VER TODAS LAS FOTOS DE LA CICLETADA AQU\u00cd<\/a><\/strong><\/p>\n<p>&nbsp;<\/p>\n","protected":false},"excerpt":{"rendered":"<p>Con un gran marco de entusiasta p\u00fablico se realiz\u00f3 el pasado s\u00e1bado la gran cicletada familiar que daba t\u00e9rmino al mes del coraz\u00f3n organizado por el Hospital San Camilo, en donde participaron alrededor de\u00a0 150 personas, muchas de las cuales concurrieron acompa\u00f1ados de sus hijos e incluso de sus mascotas. El evento buscaba promover los estilos de vida saludables y la vida sana para de esta manera mantener a raya a las enfermedades como la diabetes o la hipertensi\u00f3n entre otras, por lo que se dentro de los regalos a los asistentes estuvieron como protagonistas el agua mineral y las frutas, adem\u00e1s de las poleras y mochilas que se repartieron. \u201cEstamos muy contentos con la actividad y la participaci\u00f3n de la comunidad, dando un bonito cierre al mes del coraz\u00f3n, as\u00ed que agradecemos a todos los asistentes y a quienes hicieron posibles esta actividad\u201d, asegur\u00f3 el Dr. Humberto Toledo, cardi\u00f3logo del establecimiento. Dentro de las agrupaciones que apoyaron este evento se encuentra la agrupaci\u00f3n de Ciclistas Furiosos de Aconcagua,\u00a0 la Universidad de Valpara\u00edso, la Fundaci\u00f3n Kapl\u00e1n, El Consejo de Desarrollo del establecimiento, el gimnasio Work Out, el Servicio de Salud Aconcagua, SAMU, Carabineros y la Ilustre Municipalidad de San Felipe. Por su parte, el Director del establecimiento, Dr. Juan de Dios Reyes, quien tambi\u00e9n particip\u00f3 junto a su bicicleta, agradeci\u00f3 la concurrencia de funcionarios y de la comunidad, ya que reconoci\u00f3 que iniciativas como estas acercan y estrechan los lazos que siempre deben existir entre la ciudadan\u00eda y su hospital, ya que \u201cla salud es responsabilidad de todos\u201d, agreg\u00f3. La actividad, finalmente fue dedicada el recientemente fallecido periodista deportivo Javier Mu\u00f1oz, por quien se realiz\u00f3 un minuto de silencio dirigido por el Gobernador de la Provincia, Eduardo Le\u00f3n y se repartieron brazaletes negros por parte de los ciclistas furiosos, ya que el destacado sanfelipe\u00f1o era un promotor incansable de las actividades deportivas como esta, lo que fue reconocido por todos los asistentes. VER TODAS LAS FOTOS DE LA CICLETADA AQU\u00cd &nbsp;<\/p>\n","protected":false},"author":1,"featured_media":403,"comment_status":"closed","ping_status":"closed","sticky":false,"template":"","format":"standard","meta":{"_joinchat":[],"footnotes":""},"categories":[9],"tags":[],"class_list":["post-399","post","type-post","status-publish","format-standard","has-post-thumbnail","hentry","category-noticias"],"acf":[],"_links":{"self":[{"href":"https:\/\/hospitalsancamilo.cl\/sitioweb\/wp-json\/wp\/v2\/posts\/399","targetHints":{"allow":["GET"]}}],"collection":[{"href":"https:\/\/hospitalsancamilo.cl\/sitioweb\/wp-json\/wp\/v2\/posts"}],"about":[{"href":"https:\/\/hospitalsancamilo.cl\/sitioweb\/wp-json\/wp\/v2\/types\/post"}],"author":[{"embeddable":true,"href":"https:\/\/hospitalsancamilo.cl\/sitioweb\/wp-json\/wp\/v2\/users\/1"}],"replies":[{"embeddable":true,"href":"https:\/\/hospitalsancamilo.cl\/sitioweb\/wp-json\/wp\/v2\/comments?post=399"}],"version-history":[{"count":0,"href":"https:\/\/hospitalsancamilo.cl\/sitioweb\/wp-json\/wp\/v2\/posts\/399\/revisions"}],"wp:featuredmedia":[{"embeddable":true,"href":"https:\/\/hospitalsancamilo.cl\/sitioweb\/wp-json\/"}],"wp:attachment":[{"href":"https:\/\/hospitalsancamilo.cl\/sitioweb\/wp-json\/wp\/v2\/media?parent=399"}],"wp:term":[{"taxonomy":"category","embeddable":true,"href":"https:\/\/hospitalsancamilo.cl\/sitioweb\/wp-json\/wp\/v2\/categories?post=399"},{"taxonomy":"post_tag","embeddable":true,"href":"https:\/\/hospitalsancamilo.cl\/sitioweb\/wp-json\/wp\/v2\/tags?post=399"}],"curies":[{"name":"wp","href":"https:\/\/api.w.org\/{rel}","templated":true}]}}